{"id":4056,"date":"2019-05-29T12:06:38","date_gmt":"2019-05-29T10:06:38","guid":{"rendered":"http:\/\/www.fundaciolluiscoromina.org\/?p=4056"},"modified":"2019-05-29T12:06:38","modified_gmt":"2019-05-29T10:06:38","slug":"exposicio-de-bonsais-a-lespai-eat-art","status":"publish","type":"post","link":"http:\/\/fundaciolluiscoromina.org\/index.php\/2019\/05\/29\/exposicio-de-bonsais-a-lespai-eat-art\/","title":{"rendered":"Exposici\u00f3 de Bonsais a l&#8217;Espai Eat Art"},"content":{"rendered":"<p>La Fundaci\u00f3 Llu\u00eds Coromina \u2013 Espai Eat Art acull un any m\u00e9s l\u2019Exposici\u00f3 de Bonsais del Grup de Bonsai del Centre Excursionista de Banyoles, en el marc de l\u2019Exposici\u00f3 de Flors de Banyoles. La mostra compta amb arbres seleccionats que aporten tant els cultivadors locals com d\u2019altres proced\u00e8ncies.<\/p>\n<p>Enguany, el monogr\u00e0fic anir\u00e0 a c\u00e0rrec de Toni Gonz\u00e1lez, un entusiasta del bonsai, que hi aportar\u00e0 les seves obres m\u00e9s conegudes.<\/p>\n<p>La inauguraci\u00f3 de l\u2019exposici\u00f3 ser\u00e0 el divendres 31 de maig a les 19 h i estar\u00e0 disponible fins al diumenge 2 de juny.<\/p>\n<p>L\u2019horari del dissabte dia 1 ser\u00e0 de 10 h a 14 h i de 16 h a 21 h i el diumenge dia 2 de 10 h a 14 h i de 16 h a 20 h.<\/p>\n","protected":false},"excerpt":{"rendered":"<p>La Fundaci\u00f3 Llu\u00eds Coromina \u2013 Espai Eat Art acull un any m\u00e9s l\u2019Exposici\u00f3 de Bonsais del Grup de Bonsai del &#8230;<\/p>\n","protected":false},"author":2,"featured_media":4055,"comment_status":"open","ping_status":"open","sticky":false,"template":"","format":"standard","meta":{"footnotes":""},"categories":[10],"tags":[],"class_list":["post-4056","post","type-post","status-publish","format-standard","has-post-thumbnail","hentry","category-activitats"],"_links":{"self":[{"href":"http:\/\/fundaciolluiscoromina.org\/index.php\/wp-json\/wp\/v2\/posts\/4056","targetHints":{"allow":["GET"]}}],"collection":[{"href":"http:\/\/fundaciolluiscoromina.org\/index.php\/wp-json\/wp\/v2\/posts"}],"about":[{"href":"http:\/\/fundaciolluiscoromina.org\/index.php\/wp-json\/wp\/v2\/types\/post"}],"author":[{"embeddable":true,"href":"http:\/\/fundaciolluiscoromina.org\/index.php\/wp-json\/wp\/v2\/users\/2"}],"replies":[{"embeddable":true,"href":"http:\/\/fundaciolluiscoromina.org\/index.php\/wp-json\/wp\/v2\/comments?post=4056"}],"version-history":[{"count":0,"href":"http:\/\/fundaciolluiscoromina.org\/index.php\/wp-json\/wp\/v2\/posts\/4056\/revisions"}],"wp:attachment":[{"href":"http:\/\/fundaciolluiscoromina.org\/index.php\/wp-json\/wp\/v2\/media?parent=4056"}],"wp:term":[{"taxonomy":"category","embeddable":true,"href":"http:\/\/fundaciolluiscoromina.org\/index.php\/wp-json\/wp\/v2\/categories?post=4056"},{"taxonomy":"post_tag","embeddable":true,"href":"http:\/\/fundaciolluiscoromina.org\/index.php\/wp-json\/wp\/v2\/tags?post=4056"}],"curies":[{"name":"wp","href":"https:\/\/api.w.org\/{rel}","templated":true}]}}