{"id":4065,"date":"2019-06-03T16:23:10","date_gmt":"2019-06-03T14:23:10","guid":{"rendered":"http:\/\/www.fundaciolluiscoromina.org\/?p=4065"},"modified":"2019-06-03T16:23:10","modified_gmt":"2019-06-03T14:23:10","slug":"taula-rodona-reflexio-sobre-els-primats-i-el-futur-de-lesser-huma-a-el-puntal-laboratori-de-les-arts","status":"publish","type":"post","link":"http:\/\/fundaciolluiscoromina.org\/index.php\/2019\/06\/03\/taula-rodona-reflexio-sobre-els-primats-i-el-futur-de-lesser-huma-a-el-puntal-laboratori-de-les-arts\/","title":{"rendered":"Taula Rodona &#8216;Reflexi\u00f3 sobre els primats i el futur de l&#8217;\u00e9sser hum\u00e0&#8217; a El Puntal &#8211; Laboratori de les Arts"},"content":{"rendered":"<p>El proper dilluns 10 de juny a les 19h tindr\u00e0 lloc a El Puntal &#8211; Laboratori de les Arts la taula rodona <em>Reflexi\u00f3 sobre els primats i el futur de l&#8217;\u00e9sser hum\u00e0<\/em>. Els ponents que hi intervindran seran Eudald Carbonell, investigador al IPHEs (Institut de Paleologia Huamana i Evoluci\u00f3 Social) i codirector d&#8217;Atapuerca; Olga Feliu, fundadora i directora de la Fundaci\u00f3 Mona; Ramiro Joly-Mascheroni, expert en neuroci\u00e8ncia cognitiva i patr\u00f3 de Mona-UK, i David Riba, antrop\u00f2leg i especialista en evoluci\u00f3 de la cognici\u00f3 i aprenentatge social. El moderador de la taula rodona ser\u00e0 Joan Solana, escriptor i professor.<\/p>\n<p>Aquesta activtat t\u00e9 lloc en el marc de l&#8217;exposici\u00f3 La Mona Mona, que es va poder veure a l&#8217;Espai Eat Art fins el passat 6 de maig.<\/p>\n<p>L&#8217;entrada a la taula rodona \u00e9s gratu\u00efta amb aforament limitat i cal confirmar assist\u00e8ncia al correu comunicacio@fundaciomona.org.<\/p>\n","protected":false},"excerpt":{"rendered":"<p>El proper dilluns 10 de juny a les 19h tindr\u00e0 lloc a El Puntal &#8211; Laboratori de les Arts la &#8230;<\/p>\n","protected":false},"author":2,"featured_media":3990,"comment_status":"open","ping_status":"open","sticky":false,"template":"","format":"standard","meta":{"footnotes":""},"categories":[10,11,13,9],"tags":[],"class_list":["post-4065","post","type-post","status-publish","format-standard","has-post-thumbnail","hentry","category-activitats","category-educacio-2","category-exposicions-puntal-lab","category-historic"],"_links":{"self":[{"href":"http:\/\/fundaciolluiscoromina.org\/index.php\/wp-json\/wp\/v2\/posts\/4065","targetHints":{"allow":["GET"]}}],"collection":[{"href":"http:\/\/fundaciolluiscoromina.org\/index.php\/wp-json\/wp\/v2\/posts"}],"about":[{"href":"http:\/\/fundaciolluiscoromina.org\/index.php\/wp-json\/wp\/v2\/types\/post"}],"author":[{"embeddable":true,"href":"http:\/\/fundaciolluiscoromina.org\/index.php\/wp-json\/wp\/v2\/users\/2"}],"replies":[{"embeddable":true,"href":"http:\/\/fundaciolluiscoromina.org\/index.php\/wp-json\/wp\/v2\/comments?post=4065"}],"version-history":[{"count":0,"href":"http:\/\/fundaciolluiscoromina.org\/index.php\/wp-json\/wp\/v2\/posts\/4065\/revisions"}],"wp:attachment":[{"href":"http:\/\/fundaciolluiscoromina.org\/index.php\/wp-json\/wp\/v2\/media?parent=4065"}],"wp:term":[{"taxonomy":"category","embeddable":true,"href":"http:\/\/fundaciolluiscoromina.org\/index.php\/wp-json\/wp\/v2\/categories?post=4065"},{"taxonomy":"post_tag","embeddable":true,"href":"http:\/\/fundaciolluiscoromina.org\/index.php\/wp-json\/wp\/v2\/tags?post=4065"}],"curies":[{"name":"wp","href":"https:\/\/api.w.org\/{rel}","templated":true}]}}