{"id":4085,"date":"2019-06-05T11:34:38","date_gmt":"2019-06-05T09:34:38","guid":{"rendered":"http:\/\/www.fundaciolluiscoromina.org\/?p=4085"},"modified":"2019-06-05T11:34:38","modified_gmt":"2019-06-05T09:34:38","slug":"la-fundacio-lluis-coromina-acull-quatre-activitats-de-la-16a-edicio-de-laphonica","status":"publish","type":"post","link":"http:\/\/fundaciolluiscoromina.org\/index.php\/2019\/06\/05\/la-fundacio-lluis-coromina-acull-quatre-activitats-de-la-16a-edicio-de-laphonica\/","title":{"rendered":"La Fundaci\u00f3 Llu\u00eds Coromina acull quatre activitats de la 16a edici\u00f3 de l\u2019(a)ph\u00f2nica"},"content":{"rendered":"<p>Torna l\u2019(a)ph\u00f2nica, el Festival de la Veu de Banyoles, i la Fundaci\u00f3 Llu\u00eds Coromina hi col\u00b7labora un any m\u00e9s acollint algunes de les activitats d\u2019aquesta 16a edici\u00f3. En primer lloc, <strong>l\u2019exposici\u00f3 <em>Dibuix en directe<\/em><\/strong>, que s\u2019inaugurar\u00e0 el proper divendres 14 de juny a l\u2019Espai Eat Art i recollir\u00e0 algunes de les il\u00b7lustracions m\u00e9s originals i emotives de la passada edici\u00f3 del festival, de la m\u00e0 d\u2019artistes com Txell Darn\u00e9, Jaume Geli, Joanic i molts m\u00e9s. Per altra banda, a partir del divendres 21 de juny, es podr\u00e0 visitar <strong>la instal\u00b7laci\u00f3 art\u00edstica <em>Signes i premonicions<\/em><\/strong> a El Puntal-Laboratori de les Arts, un producci\u00f3 de Benet Costa basada en un personatge rual i solitari que, acompanyat dels Gois de Sant Mer, peregrina amb una creu pels diversos racons de la seva infantesa. Finalment, durant els dies de festival, hi haur\u00e0 dues activitats m\u00e9s: el dissabte 29 de juny a les 12 del migdia <strong>el duo de cant a <em>capella<\/em> Tarta Ralena<\/strong> presentar\u00e0 el seu debut discogr\u00e0fic, <em>Ora pro nobis <\/em>(Indian Runers, 2019) en un \u00edntim concert ple de m\u00fasiques tradicionals i can\u00e7ons d\u2019autor amb aires mediterranis; el diumenge 30 de juny tindr\u00e0 lloc <strong>el taller familiar <em>Dibuixa un concert!<\/em><\/strong>, dirigit a nens i nenes a partir de 5 anys i impartit per la il\u00b7lustradora Andrea Zayas, que s\u2019encarregar\u00e0 d\u2019explicar qu\u00e8 fan els il\u00b7lustradors durant el festival i animar\u00e0 els m\u00e9s petits a posar-ho en pr\u00e0ctica. Ambdues propostes es duran a terme a l\u2019Espai Eat Art de la Fundaci\u00f3 Llu\u00eds Coromina i tindran aforament limitat.<\/p>\n<p>Per a m\u00e9s informaci\u00f3, podeu entrar al <a href=\"http:\/\/www.aphonica.banyoles.cat\/\">web oficial de l\u2019(a)ph\u00f2nica<\/a>.<\/p>\n","protected":false},"excerpt":{"rendered":"<p>Torna l\u2019(a)ph\u00f2nica, el Festival de la Veu de Banyoles, i la Fundaci\u00f3 Llu\u00eds Coromina hi col\u00b7labora un any m\u00e9s acollint &#8230;<\/p>\n","protected":false},"author":2,"featured_media":4086,"comment_status":"open","ping_status":"open","sticky":false,"template":"","format":"standard","meta":{"footnotes":""},"categories":[10],"tags":[],"class_list":["post-4085","post","type-post","status-publish","format-standard","has-post-thumbnail","hentry","category-activitats"],"_links":{"self":[{"href":"http:\/\/fundaciolluiscoromina.org\/index.php\/wp-json\/wp\/v2\/posts\/4085","targetHints":{"allow":["GET"]}}],"collection":[{"href":"http:\/\/fundaciolluiscoromina.org\/index.php\/wp-json\/wp\/v2\/posts"}],"about":[{"href":"http:\/\/fundaciolluiscoromina.org\/index.php\/wp-json\/wp\/v2\/types\/post"}],"author":[{"embeddable":true,"href":"http:\/\/fundaciolluiscoromina.org\/index.php\/wp-json\/wp\/v2\/users\/2"}],"replies":[{"embeddable":true,"href":"http:\/\/fundaciolluiscoromina.org\/index.php\/wp-json\/wp\/v2\/comments?post=4085"}],"version-history":[{"count":0,"href":"http:\/\/fundaciolluiscoromina.org\/index.php\/wp-json\/wp\/v2\/posts\/4085\/revisions"}],"wp:attachment":[{"href":"http:\/\/fundaciolluiscoromina.org\/index.php\/wp-json\/wp\/v2\/media?parent=4085"}],"wp:term":[{"taxonomy":"category","embeddable":true,"href":"http:\/\/fundaciolluiscoromina.org\/index.php\/wp-json\/wp\/v2\/categories?post=4085"},{"taxonomy":"post_tag","embeddable":true,"href":"http:\/\/fundaciolluiscoromina.org\/index.php\/wp-json\/wp\/v2\/tags?post=4085"}],"curies":[{"name":"wp","href":"https:\/\/api.w.org\/{rel}","templated":true}]}}