{"id":4088,"date":"2019-06-16T11:45:54","date_gmt":"2019-06-16T09:45:54","guid":{"rendered":"http:\/\/www.fundaciolluiscoromina.org\/?p=4088"},"modified":"2019-06-16T11:45:54","modified_gmt":"2019-06-16T09:45:54","slug":"signes-i-premonicions-la-installacio-artistica-de-benet-costa","status":"publish","type":"post","link":"http:\/\/fundaciolluiscoromina.org\/index.php\/2019\/06\/16\/signes-i-premonicions-la-installacio-artistica-de-benet-costa\/","title":{"rendered":"\u2018Signes i premonicions\u2019, la instal\u2022laci\u00f3 art\u00edstica de Benet Costa"},"content":{"rendered":"<p>El Puntal-Laboratori de les Arts de la Fundaci\u00f3 Llu\u00eds Coromina acollir\u00e0, a partir del proper divendres 21 de juny, la instal\u00b7laci\u00f3 art\u00edstica <em>Signes i premonicions<\/em>, una producci\u00f3 de Benet Costa que gira al voltant de la figura d\u2019un personatge rural i solitari que peregrina amb una creu pels llocs de la seva infantesa, reflexionant sobre l\u2019espiritualitat i l\u2019art, amb els Goigs de Sant Mer i la veu com a m\u00e0xima expressi\u00f3.<\/p>\n<p>La instal\u00b7laci\u00f3 s\u2019inaugurar\u00e0 el divendres 21 de juny a les 19:30 h i es podr\u00e0 visitar fins al divendres 19 de juliol, cada dia de dilluns a divendres de 10 a 14 h.<\/p>\n","protected":false},"excerpt":{"rendered":"<p>El Puntal-Laboratori de les Arts de la Fundaci\u00f3 Llu\u00eds Coromina acollir\u00e0, a partir del proper divendres 21 de juny, la &#8230;<\/p>\n","protected":false},"author":2,"featured_media":4081,"comment_status":"open","ping_status":"open","sticky":false,"template":"","format":"standard","meta":{"footnotes":""},"categories":[10,13,9],"tags":[],"class_list":["post-4088","post","type-post","status-publish","format-standard","has-post-thumbnail","hentry","category-activitats","category-exposicions-puntal-lab","category-historic"],"_links":{"self":[{"href":"http:\/\/fundaciolluiscoromina.org\/index.php\/wp-json\/wp\/v2\/posts\/4088","targetHints":{"allow":["GET"]}}],"collection":[{"href":"http:\/\/fundaciolluiscoromina.org\/index.php\/wp-json\/wp\/v2\/posts"}],"about":[{"href":"http:\/\/fundaciolluiscoromina.org\/index.php\/wp-json\/wp\/v2\/types\/post"}],"author":[{"embeddable":true,"href":"http:\/\/fundaciolluiscoromina.org\/index.php\/wp-json\/wp\/v2\/users\/2"}],"replies":[{"embeddable":true,"href":"http:\/\/fundaciolluiscoromina.org\/index.php\/wp-json\/wp\/v2\/comments?post=4088"}],"version-history":[{"count":0,"href":"http:\/\/fundaciolluiscoromina.org\/index.php\/wp-json\/wp\/v2\/posts\/4088\/revisions"}],"wp:attachment":[{"href":"http:\/\/fundaciolluiscoromina.org\/index.php\/wp-json\/wp\/v2\/media?parent=4088"}],"wp:term":[{"taxonomy":"category","embeddable":true,"href":"http:\/\/fundaciolluiscoromina.org\/index.php\/wp-json\/wp\/v2\/categories?post=4088"},{"taxonomy":"post_tag","embeddable":true,"href":"http:\/\/fundaciolluiscoromina.org\/index.php\/wp-json\/wp\/v2\/tags?post=4088"}],"curies":[{"name":"wp","href":"https:\/\/api.w.org\/{rel}","templated":true}]}}