{"id":4090,"date":"2019-06-05T11:46:45","date_gmt":"2019-06-05T09:46:45","guid":{"rendered":"http:\/\/www.fundaciolluiscoromina.org\/?p=4090"},"modified":"2019-06-05T11:46:45","modified_gmt":"2019-06-05T09:46:45","slug":"exposicio-dibuix-en-directe-a-lespai-eat-art-dins-el-festival-aphonica","status":"publish","type":"post","link":"http:\/\/fundaciolluiscoromina.org\/index.php\/2019\/06\/05\/exposicio-dibuix-en-directe-a-lespai-eat-art-dins-el-festival-aphonica\/","title":{"rendered":"Exposici\u00f3 \u2018Dibuix en directe\u2019 a l\u2019Espai Eat Art, dins el Festival (a)ph\u00f2nica"},"content":{"rendered":"<p>El proper <strong>divendres 14 de juny a les 20h<\/strong> s\u2019inaugura l\u2019exposici\u00f3 <em>Dibuix en directe<\/em>, un recull d\u2019algunes de les il\u00b7lustracions m\u00e9s originals i emotives dels artistes que van captar l\u2019ess\u00e8ncia de la passada edici\u00f3 del Festival de la Veu de Banyoles: Txell Darn\u00e9, Jaume Geli, Joanic, Xavier Moliner, Miquel Samaniego, Andrea Zayas o Miguel Bustos. La mostra de dibuixos de la 15\u00aa edici\u00f3 de l\u2019(a)ph\u00f2nica es podr\u00e0 visitar fins el proper 31 de juliol.<\/p>\n<p>Per altra banda, les <strong>Guerrilleres del Ganxet <\/strong>tamb\u00e9 han posat la seva destresa al servei del festival i el mateix divendres 14 de juny s&#8217;inaugura a l&#8217;Espai Eat Art una instal\u00b7laci\u00f3 en qu\u00e8 podreu veure un dels escenaris a cop de fil i agulla.<\/p>\n<p>&nbsp;<\/p>\n<p>Horaris:<\/p>\n<p>Dimecres de 10:30 a 13:30 h<\/p>\n<p>Dijous i divendres de 16:30 a 20:30 h<\/p>\n<p>Dissabtes de 11 a 14 h i de 16:30 a 20:30 h<\/p>\n","protected":false},"excerpt":{"rendered":"<p>El proper divendres 14 de juny a les 20h s\u2019inaugura l\u2019exposici\u00f3 Dibuix en directe, un recull d\u2019algunes de les il\u00b7lustracions &#8230;<\/p>\n","protected":false},"author":2,"featured_media":4078,"comment_status":"open","ping_status":"open","sticky":false,"template":"","format":"standard","meta":{"footnotes":""},"categories":[10,17,9],"tags":[],"class_list":["post-4090","post","type-post","status-publish","format-standard","has-post-thumbnail","hentry","category-activitats","category-exposicions-espai-eat-art","category-historic"],"_links":{"self":[{"href":"http:\/\/fundaciolluiscoromina.org\/index.php\/wp-json\/wp\/v2\/posts\/4090","targetHints":{"allow":["GET"]}}],"collection":[{"href":"http:\/\/fundaciolluiscoromina.org\/index.php\/wp-json\/wp\/v2\/posts"}],"about":[{"href":"http:\/\/fundaciolluiscoromina.org\/index.php\/wp-json\/wp\/v2\/types\/post"}],"author":[{"embeddable":true,"href":"http:\/\/fundaciolluiscoromina.org\/index.php\/wp-json\/wp\/v2\/users\/2"}],"replies":[{"embeddable":true,"href":"http:\/\/fundaciolluiscoromina.org\/index.php\/wp-json\/wp\/v2\/comments?post=4090"}],"version-history":[{"count":0,"href":"http:\/\/fundaciolluiscoromina.org\/index.php\/wp-json\/wp\/v2\/posts\/4090\/revisions"}],"wp:attachment":[{"href":"http:\/\/fundaciolluiscoromina.org\/index.php\/wp-json\/wp\/v2\/media?parent=4090"}],"wp:term":[{"taxonomy":"category","embeddable":true,"href":"http:\/\/fundaciolluiscoromina.org\/index.php\/wp-json\/wp\/v2\/categories?post=4090"},{"taxonomy":"post_tag","embeddable":true,"href":"http:\/\/fundaciolluiscoromina.org\/index.php\/wp-json\/wp\/v2\/tags?post=4090"}],"curies":[{"name":"wp","href":"https:\/\/api.w.org\/{rel}","templated":true}]}}