{"id":410,"date":"2011-06-05T19:57:19","date_gmt":"2011-06-05T19:57:19","guid":{"rendered":"http:\/\/espaieatart.wordpress.com\/?p=410"},"modified":"2011-06-05T19:57:19","modified_gmt":"2011-06-05T19:57:19","slug":"inauguracio-una-imatge-comestible-a-lespai-eat-art-lluis-vila","status":"publish","type":"post","link":"http:\/\/fundaciolluiscoromina.org\/index.php\/2011\/06\/05\/inauguracio-una-imatge-comestible-a-lespai-eat-art-lluis-vila\/","title":{"rendered":"L&#8217;estudi multidisciplinar Nifava crea una exposici\u00f3 retrospectiva del festival (a)ph\u00f2nica, titulada \u00abUna imatge comestible\u00bb"},"content":{"rendered":"<p style=\"text-align:justify;\">Llu\u00eds Gendrau, director del Grup Enderrock, Ricard Planas, director de l&#8217;Espai Eat Art i de la revista bonart, Francesc Viladiu, director art\u00edstic del Festival (a)ph\u00f2nica i el col.lectiu de grafistes Nifava, presenten l&#8217;exposici\u00f3 \u00abUna imatge comestible\u00bb. Les pastilles Juanola s\u00f3n les protagonistes de la imatge del Festival (a)ph\u00f2nica d&#8217;enguany i a l&#8217;Espai Eat Art Llu\u00eds Vil\u00e0 s&#8217;hi podr\u00e0 veure el treball realitzat pels creatius de Nifava per arribar a dissenyar una imatge amb un element tan caracter\u00edstic.<\/p>\n<p style=\"text-align:justify;\"><em>Acte inaugural del 3 de juny 2011. Dates exposici\u00f3: del 4 al\u00a0 26 de juny 2011<\/em><\/p>\n<p style=\"text-align:left;\"><a href=\"http:\/\/espaieatart.files.wordpress.com\/2011\/06\/inauguracic3b3-nifava-x-blog.jpg\"><img loading=\"lazy\" decoding=\"async\" class=\"aligncenter size-full wp-image-411\" title=\"inauguraci\u00f3 nifava juny 2011\" src=\"http:\/\/espaieatart.files.wordpress.com\/2011\/06\/inauguracic3b3-nifava-x-blog.jpg\" alt=\"\" width=\"640\" height=\"362\" \/><\/a><em><\/em><\/p>\n<p style=\"text-align:left;\">Col.laboradors:<em> Farinera Coromina, (a)ph\u00f2nica, Ajuntament de Banyoles, Grup Enderrock, bonart cultural, Empord\u00e0lia, Can Japet, Juanola, Nifava.<\/em><\/p>\n<p style=\"text-align:left;\">\n","protected":false},"excerpt":{"rendered":"<p>Llu\u00eds Gendrau, director del Grup Enderrock, Ricard Planas, director de l&#8217;Espai Eat Art i de la revista bonart, Francesc Viladiu, &#8230;<\/p>\n","protected":false},"author":1,"featured_media":411,"comment_status":"open","ping_status":"open","sticky":false,"template":"","format":"standard","meta":{"footnotes":""},"categories":[9],"tags":[],"class_list":["post-410","post","type-post","status-publish","format-standard","has-post-thumbnail","hentry","category-historic"],"_links":{"self":[{"href":"http:\/\/fundaciolluiscoromina.org\/index.php\/wp-json\/wp\/v2\/posts\/410","targetHints":{"allow":["GET"]}}],"collection":[{"href":"http:\/\/fundaciolluiscoromina.org\/index.php\/wp-json\/wp\/v2\/posts"}],"about":[{"href":"http:\/\/fundaciolluiscoromina.org\/index.php\/wp-json\/wp\/v2\/types\/post"}],"author":[{"embeddable":true,"href":"http:\/\/fundaciolluiscoromina.org\/index.php\/wp-json\/wp\/v2\/users\/1"}],"replies":[{"embeddable":true,"href":"http:\/\/fundaciolluiscoromina.org\/index.php\/wp-json\/wp\/v2\/comments?post=410"}],"version-history":[{"count":0,"href":"http:\/\/fundaciolluiscoromina.org\/index.php\/wp-json\/wp\/v2\/posts\/410\/revisions"}],"wp:attachment":[{"href":"http:\/\/fundaciolluiscoromina.org\/index.php\/wp-json\/wp\/v2\/media?parent=410"}],"wp:term":[{"taxonomy":"category","embeddable":true,"href":"http:\/\/fundaciolluiscoromina.org\/index.php\/wp-json\/wp\/v2\/categories?post=410"},{"taxonomy":"post_tag","embeddable":true,"href":"http:\/\/fundaciolluiscoromina.org\/index.php\/wp-json\/wp\/v2\/tags?post=410"}],"curies":[{"name":"wp","href":"https:\/\/api.w.org\/{rel}","templated":true}]}}