{"id":414,"date":"2011-06-05T20:15:53","date_gmt":"2011-06-05T20:15:53","guid":{"rendered":"http:\/\/espaieatart.wordpress.com\/?p=414"},"modified":"2011-06-05T20:15:53","modified_gmt":"2011-06-05T20:15:53","slug":"espai-eat-art-lluis-vila-1er-premi-en-el-viii-concurs-daparadors-34a-exposicio-de-flors-de-banyoles","status":"publish","type":"post","link":"http:\/\/fundaciolluiscoromina.org\/index.php\/2011\/06\/05\/espai-eat-art-lluis-vila-1er-premi-en-el-viii-concurs-daparadors-34a-exposicio-de-flors-de-banyoles\/","title":{"rendered":"1er Premi en el VIII Concurs d&#8217;aparadors de Banyoles"},"content":{"rendered":"<p style=\"text-align:justify;\">Enguany, l&#8217;Espai Eat Art Llu\u00eds Vil\u00e0 de <a class=\"zem_slink\" title=\"Banyoles\" href=\"http:\/\/maps.google.com\/maps?ll=42.1194444444,2.76638888889&amp;spn=0.1,0.1&amp;q=42.1194444444,2.76638888889%20%28Banyoles%29&amp;t=h\" rel=\"geolocation\">Banyoles<\/a>, que participava per primer cop al <a class=\"zem_slink\" title=\"Concurrency (road)\" href=\"http:\/\/en.wikipedia.org\/wiki\/Concurrency_%28road%29\" rel=\"wikipedia\">concurs<\/a> d&#8217;art floral de la localitat, va rebre el primer premi en la seva categoria. Una exposici\u00f3 que si b\u00e9 ja t\u00e9 34 anys d&#8217;exist\u00e8ncia, el seu concurs es va crear tot just fa 8 anys i es consolida en cada edici\u00f3. El premi va recaure en una intervenci\u00f3 art\u00edstica que va dur a terme Anna Maria Camps que va comptar amb la col\u00b7laboraci\u00f3 d&#8217;Anna Bah\u00ed, artista visual i alhora coordinadora de l&#8217;espai eat art. Anna Maria Camps \u00e9s especialista del sector de l&#8217;art floral i porta m\u00e9s de quinze anys exposant els seus treballs entre altres a Girona Temps de Flors, un certamen de car\u00e0cter internacional on hi participa decorant des del Claustre de la Catedral, Banys \u00c0rbas i fins al Manaies, esgl\u00e9sia de Sant Lluc. Presicament, enguany, Camps ja havia treballat amb obres de Llu\u00eds Vil\u00e0, ja que conjuntament amb un equip multidisciplinar va crear el muntatge ef\u00edmer titulat <em>El banquet<\/em>, que es va poder veure el passat mes de maig en aquest espai de Girona i coincidint amb Temps de Flors.<\/p>\n<p style=\"text-align:justify;\">Pel que fa a l&#8217;aparador, aquest combina obres d&#8217;art de Llu\u00eds Vil\u00e0 -escultures i pintures\u2013 amb els pans de Can Japet que s\u00f3n,, alhora escultura fungible tamb\u00e9 dissenyada per l&#8217;artista. A m\u00e9s, les flors naturals utilitzades segueixen les armonies de color blanc i taronge dels quadre. I tot plegat, exhibit com una mena de pluja de pans i flors quasi b\u00edblica, on una escultura-\u00f3s contempla aquesta explosi\u00f3 de natura i cromatismes.<\/p>\n<p style=\"text-align:center;\"><a href=\"http:\/\/espaieatart.files.wordpress.com\/2011\/06\/aparadorblog.jpg\"><img loading=\"lazy\" decoding=\"async\" class=\"alignleft size-medium wp-image-433\" title=\"aparadorblog\" src=\"http:\/\/espaieatart.files.wordpress.com\/2011\/06\/aparadorblog.jpg?w=300\" alt=\"\" width=\"307\" height=\"229\" \/><\/a><\/p>\n<p style=\"text-align:left;\"><a href=\"http:\/\/espaieatart.files.wordpress.com\/2011\/06\/premi-aparador-doble.jpg\"><img loading=\"lazy\" decoding=\"async\" class=\"size-full wp-image-415 alignleft\" title=\"premi aparador 34a exposici\u00f3 de flors Banyoles 2011\" src=\"http:\/\/espaieatart.files.wordpress.com\/2011\/06\/premi-aparador-doble.jpg\" alt=\"\" width=\"309\" height=\"233\" \/><\/a><\/p>\n<p style=\"text-align:left;\"><em>Al costat, una imatge de l&#8217;aparador guanyador. A sota, durant l&#8217;entrega de premis a c\u00e0rrec de Miquel Noguer, alcalde de Banyoles i Joana Vil\u00e0, regidora de turisme i promoci\u00f3 de l&#8217;ajuntament de Banyoles. Anna Maria Camps recull el premi de mans de l&#8217;alcalde.<br \/>\n<\/em><\/p>\n","protected":false},"excerpt":{"rendered":"<p>Enguany, l&#8217;Espai Eat Art Llu\u00eds Vil\u00e0 de Banyoles, que participava per primer cop al concurs d&#8217;art floral de la localitat, &#8230;<\/p>\n","protected":false},"author":1,"featured_media":433,"comment_status":"open","ping_status":"open","sticky":false,"template":"","format":"standard","meta":{"footnotes":""},"categories":[9],"tags":[],"class_list":["post-414","post","type-post","status-publish","format-standard","has-post-thumbnail","hentry","category-historic"],"_links":{"self":[{"href":"http:\/\/fundaciolluiscoromina.org\/index.php\/wp-json\/wp\/v2\/posts\/414","targetHints":{"allow":["GET"]}}],"collection":[{"href":"http:\/\/fundaciolluiscoromina.org\/index.php\/wp-json\/wp\/v2\/posts"}],"about":[{"href":"http:\/\/fundaciolluiscoromina.org\/index.php\/wp-json\/wp\/v2\/types\/post"}],"author":[{"embeddable":true,"href":"http:\/\/fundaciolluiscoromina.org\/index.php\/wp-json\/wp\/v2\/users\/1"}],"replies":[{"embeddable":true,"href":"http:\/\/fundaciolluiscoromina.org\/index.php\/wp-json\/wp\/v2\/comments?post=414"}],"version-history":[{"count":0,"href":"http:\/\/fundaciolluiscoromina.org\/index.php\/wp-json\/wp\/v2\/posts\/414\/revisions"}],"wp:attachment":[{"href":"http:\/\/fundaciolluiscoromina.org\/index.php\/wp-json\/wp\/v2\/media?parent=414"}],"wp:term":[{"taxonomy":"category","embeddable":true,"href":"http:\/\/fundaciolluiscoromina.org\/index.php\/wp-json\/wp\/v2\/categories?post=414"},{"taxonomy":"post_tag","embeddable":true,"href":"http:\/\/fundaciolluiscoromina.org\/index.php\/wp-json\/wp\/v2\/tags?post=414"}],"curies":[{"name":"wp","href":"https:\/\/api.w.org\/{rel}","templated":true}]}}