{"id":4142,"date":"2019-07-29T16:35:46","date_gmt":"2019-07-29T14:35:46","guid":{"rendered":"http:\/\/www.fundaciolluiscoromina.org\/?p=4142"},"modified":"2019-07-29T16:35:46","modified_gmt":"2019-07-29T14:35:46","slug":"segona-oportunitat-per-veure-la-installacio-artistica-de-benet-costa","status":"publish","type":"post","link":"http:\/\/fundaciolluiscoromina.org\/index.php\/2019\/07\/29\/segona-oportunitat-per-veure-la-installacio-artistica-de-benet-costa\/","title":{"rendered":"Segona oportunitat per veure la instal\u00b7laci\u00f3 art\u00edstica de Benet Costa"},"content":{"rendered":"<p>La Fundaci\u00f3 Llu\u00eds Coromina obrir\u00e0 les portes de l\u2019Espai Eat Art durant les Festes d\u2019Agost de Banyoles amb la instal\u00b7laci\u00f3 art\u00edstica <em>Signes i premonicions<\/em>, de Benet Costa, inaugurada el passat mes de juny en el marc de l\u2019(a)ph\u00f2nica, Festival de la Veu de Banyoles.\u00a0\u00daltima oportunitat per veure aquesta mostra art\u00edstica basada en un personatge rural i solitari que decideix fer una peregrinaci\u00f3 amb una creu als llocs de la seva infantesa, reflexionant sobre l\u2019espiritualitat i l\u2019art, amb la veu i els Goigs de Sant Mer com a m\u00e0xima expressi\u00f3.<\/p>\n<p>&nbsp;<\/p>\n<p>Horaris:<\/p>\n<p>Dijous 15 i divendres 16, de 16:30 a 20:30 h<\/p>\n<p>Dissabte 17 d\u2019agost, de 11 a 14 h de 16:30 a 20:30 h<\/p>\n","protected":false},"excerpt":{"rendered":"<p>La Fundaci\u00f3 Llu\u00eds Coromina obrir\u00e0 les portes de l\u2019Espai Eat Art durant les Festes d\u2019Agost de Banyoles amb la instal\u00b7laci\u00f3 &#8230;<\/p>\n","protected":false},"author":2,"featured_media":4143,"comment_status":"open","ping_status":"open","sticky":false,"template":"","format":"standard","meta":{"footnotes":""},"categories":[10,17,9],"tags":[],"class_list":["post-4142","post","type-post","status-publish","format-standard","has-post-thumbnail","hentry","category-activitats","category-exposicions-espai-eat-art","category-historic"],"_links":{"self":[{"href":"http:\/\/fundaciolluiscoromina.org\/index.php\/wp-json\/wp\/v2\/posts\/4142","targetHints":{"allow":["GET"]}}],"collection":[{"href":"http:\/\/fundaciolluiscoromina.org\/index.php\/wp-json\/wp\/v2\/posts"}],"about":[{"href":"http:\/\/fundaciolluiscoromina.org\/index.php\/wp-json\/wp\/v2\/types\/post"}],"author":[{"embeddable":true,"href":"http:\/\/fundaciolluiscoromina.org\/index.php\/wp-json\/wp\/v2\/users\/2"}],"replies":[{"embeddable":true,"href":"http:\/\/fundaciolluiscoromina.org\/index.php\/wp-json\/wp\/v2\/comments?post=4142"}],"version-history":[{"count":0,"href":"http:\/\/fundaciolluiscoromina.org\/index.php\/wp-json\/wp\/v2\/posts\/4142\/revisions"}],"wp:attachment":[{"href":"http:\/\/fundaciolluiscoromina.org\/index.php\/wp-json\/wp\/v2\/media?parent=4142"}],"wp:term":[{"taxonomy":"category","embeddable":true,"href":"http:\/\/fundaciolluiscoromina.org\/index.php\/wp-json\/wp\/v2\/categories?post=4142"},{"taxonomy":"post_tag","embeddable":true,"href":"http:\/\/fundaciolluiscoromina.org\/index.php\/wp-json\/wp\/v2\/tags?post=4142"}],"curies":[{"name":"wp","href":"https:\/\/api.w.org\/{rel}","templated":true}]}}