{"id":4148,"date":"2019-07-31T11:49:10","date_gmt":"2019-07-31T09:49:10","guid":{"rendered":"http:\/\/www.fundaciolluiscoromina.org\/?p=4148"},"modified":"2019-07-31T11:49:10","modified_gmt":"2019-07-31T09:49:10","slug":"agost","status":"publish","type":"post","link":"http:\/\/fundaciolluiscoromina.org\/index.php\/2019\/07\/31\/agost\/","title":{"rendered":"La Fundaci\u00f3 Llu\u00eds Coromina, tancada durant el mes d&#8217;agost"},"content":{"rendered":"<p>Els espais de la Fundaci\u00f3 Llu\u00eds Coromina romandran tancats per vacances durant tot el mes d&#8217;agost, exceptuant els dies 15, 16 i 17 d\u2019agost.<\/p>\n<p>&nbsp;<\/p>\n<p>Durant les Festes d&#8217;Agost de Banyoles, l\u2019Espai Eat Art estar\u00e0 obert amb la instal\u00b7laci\u00f3 art\u00edstica <em>Signes i premonicions<\/em>, de Benet Costa, inaugurada el passat mes de juny en el marc de l\u2019(a)ph\u00f2nica, Festival de la Veu de Banyoles. Aquesta ser\u00e0 l&#8217;\u00faltima oportunitat per veure aquesta mostra art\u00edstica basada en un personatge rural i solitari que decideix fer una peregrinaci\u00f3 amb una creu als llocs de la seva infantesa, reflexionant sobre l\u2019espiritualitat i l\u2019art, amb la veu i els Goigs de Sant Mer com a m\u00e0xima expressi\u00f3. La instal\u00b7laci\u00f3 estar\u00e0 oberta dijous 15 i divendres 16, de 16:30 a 20:30 h, i dissabte 17 d\u2019agost, de 11 a 14 h de 16:30 a 20:30 h.<\/p>\n<p>&nbsp;<\/p>\n<p>La Fundaci\u00f3 tornar\u00e0 a obrir a partir del dilluns 2 de setembre.<\/p>\n<p>&nbsp;<\/p>\n","protected":false},"excerpt":{"rendered":"<p>Els espais de la Fundaci\u00f3 Llu\u00eds Coromina romandran tancats per vacances durant tot el mes d&#8217;agost, exceptuant els dies 15, &#8230;<\/p>\n","protected":false},"author":2,"featured_media":3897,"comment_status":"open","ping_status":"open","sticky":false,"template":"","format":"standard","meta":{"footnotes":""},"categories":[10],"tags":[],"class_list":["post-4148","post","type-post","status-publish","format-standard","has-post-thumbnail","hentry","category-activitats"],"_links":{"self":[{"href":"http:\/\/fundaciolluiscoromina.org\/index.php\/wp-json\/wp\/v2\/posts\/4148","targetHints":{"allow":["GET"]}}],"collection":[{"href":"http:\/\/fundaciolluiscoromina.org\/index.php\/wp-json\/wp\/v2\/posts"}],"about":[{"href":"http:\/\/fundaciolluiscoromina.org\/index.php\/wp-json\/wp\/v2\/types\/post"}],"author":[{"embeddable":true,"href":"http:\/\/fundaciolluiscoromina.org\/index.php\/wp-json\/wp\/v2\/users\/2"}],"replies":[{"embeddable":true,"href":"http:\/\/fundaciolluiscoromina.org\/index.php\/wp-json\/wp\/v2\/comments?post=4148"}],"version-history":[{"count":0,"href":"http:\/\/fundaciolluiscoromina.org\/index.php\/wp-json\/wp\/v2\/posts\/4148\/revisions"}],"wp:attachment":[{"href":"http:\/\/fundaciolluiscoromina.org\/index.php\/wp-json\/wp\/v2\/media?parent=4148"}],"wp:term":[{"taxonomy":"category","embeddable":true,"href":"http:\/\/fundaciolluiscoromina.org\/index.php\/wp-json\/wp\/v2\/categories?post=4148"},{"taxonomy":"post_tag","embeddable":true,"href":"http:\/\/fundaciolluiscoromina.org\/index.php\/wp-json\/wp\/v2\/tags?post=4148"}],"curies":[{"name":"wp","href":"https:\/\/api.w.org\/{rel}","templated":true}]}}