{"id":4164,"date":"2019-08-19T11:30:45","date_gmt":"2019-08-19T09:30:45","guid":{"rendered":"http:\/\/www.fundaciolluiscoromina.org\/?p=4164"},"modified":"2019-08-19T11:30:45","modified_gmt":"2019-08-19T09:30:45","slug":"la-colleccio-dart-contemporani-oli-i-artistes-un-projecte-de-cal-cego-a-lespai-eat-art","status":"publish","type":"post","link":"http:\/\/fundaciolluiscoromina.org\/index.php\/2019\/08\/19\/la-colleccio-dart-contemporani-oli-i-artistes-un-projecte-de-cal-cego-a-lespai-eat-art\/","title":{"rendered":"La col\u00b7lecci\u00f3 d&#8217;art contemporani &#8216;Oli i artistes, un projecte de Cal Cego&#8217; a l&#8217;Espai Eat Art"},"content":{"rendered":"<p>La Fundaci\u00f3 Llu\u00eds Coromina presenta a l\u2019Espai Eat Art la col\u00b7lecci\u00f3 d\u2019art contemporani <em>Oli i artistes<\/em>, un projecte de Cal Cego. Despr\u00e9s de 10 edicions de produccions art\u00edstiques vinculades a l\u2019oli, es presenta aquest programa singular dins una col\u00b7lecci\u00f3 que promou nous treballs art\u00edstics a partir d\u2019una premissa: la producci\u00f3 tradicional de l\u2019oli novell. A partir d\u2019aqu\u00ed, els artistes han pogut endinsar-se en nous \u00e0mbits de recerca, partint sempre de les seves l\u00ednies de treball habituals.<\/p>\n<p>El comissariat i disseny de l&#8217;exposici\u00f3 \u00e9s a c\u00e0rrec de Montse Badia.<\/p>\n<p><u>Inauguraci\u00f3:<\/u>\u00a0Divendres 13 de setembre a les 19:30 h<\/p>\n<p><u>Dates exposici\u00f3:<\/u>\u00a0Del 13 de setembre al 2 de novembre de 2019<\/p>\n<p><u>Horaris:<\/u><br \/>\nDimecres, dijous i divendres de 16.30 h a 20.30 h<br \/>\nDissabtes d\u201911 h a 14 h i de 16.30 h a 20.30 h<\/p>\n<p><u>Localitzaci\u00f3:<\/u>\u00a0Espai Eat Art |\u00a0Pla\u00e7a Major, 33 &#8211; Banyoles\u00a0| 17820<\/p>\n<p>&nbsp;<\/p>\n","protected":false},"excerpt":{"rendered":"<p>La Fundaci\u00f3 Llu\u00eds Coromina presenta a l\u2019Espai Eat Art la col\u00b7lecci\u00f3 d\u2019art contemporani Oli i artistes, un projecte de Cal &#8230;<\/p>\n","protected":false},"author":2,"featured_media":4167,"comment_status":"open","ping_status":"open","sticky":false,"template":"","format":"standard","meta":{"footnotes":""},"categories":[14,15,10,17,9],"tags":[],"class_list":["post-4164","post","type-post","status-publish","format-standard","has-post-thumbnail","hentry","category-accions-culturals","category-accions-socials","category-activitats","category-exposicions-espai-eat-art","category-historic"],"_links":{"self":[{"href":"http:\/\/fundaciolluiscoromina.org\/index.php\/wp-json\/wp\/v2\/posts\/4164","targetHints":{"allow":["GET"]}}],"collection":[{"href":"http:\/\/fundaciolluiscoromina.org\/index.php\/wp-json\/wp\/v2\/posts"}],"about":[{"href":"http:\/\/fundaciolluiscoromina.org\/index.php\/wp-json\/wp\/v2\/types\/post"}],"author":[{"embeddable":true,"href":"http:\/\/fundaciolluiscoromina.org\/index.php\/wp-json\/wp\/v2\/users\/2"}],"replies":[{"embeddable":true,"href":"http:\/\/fundaciolluiscoromina.org\/index.php\/wp-json\/wp\/v2\/comments?post=4164"}],"version-history":[{"count":0,"href":"http:\/\/fundaciolluiscoromina.org\/index.php\/wp-json\/wp\/v2\/posts\/4164\/revisions"}],"wp:attachment":[{"href":"http:\/\/fundaciolluiscoromina.org\/index.php\/wp-json\/wp\/v2\/media?parent=4164"}],"wp:term":[{"taxonomy":"category","embeddable":true,"href":"http:\/\/fundaciolluiscoromina.org\/index.php\/wp-json\/wp\/v2\/categories?post=4164"},{"taxonomy":"post_tag","embeddable":true,"href":"http:\/\/fundaciolluiscoromina.org\/index.php\/wp-json\/wp\/v2\/tags?post=4164"}],"curies":[{"name":"wp","href":"https:\/\/api.w.org\/{rel}","templated":true}]}}