{"id":4174,"date":"2019-08-26T09:35:34","date_gmt":"2019-08-26T07:35:34","guid":{"rendered":"http:\/\/www.fundaciolluiscoromina.org\/?p=4174"},"modified":"2019-08-26T09:35:34","modified_gmt":"2019-08-26T07:35:34","slug":"lespai-isern-dalmau-acull-lexposicio-fem-visible-els-invisibles-fontsere","status":"publish","type":"post","link":"http:\/\/fundaciolluiscoromina.org\/index.php\/2019\/08\/26\/lespai-isern-dalmau-acull-lexposicio-fem-visible-els-invisibles-fontsere\/","title":{"rendered":"L&#8217;Espai Isern Dalmau acull l&#8217;exposici\u00f3 &#8216;Fem visible els invisibles: Carles Fontser\u00e8&#8217;"},"content":{"rendered":"<p>La Fundaci\u00f3 Llu\u00eds Coromina presenta a l\u2019Espai Isern Dalmau de Barcelona l\u2019exposici\u00f3 sobre\u00a0<em>Els invisibles<\/em>\u00a0de Carles Fontser\u00e8: <em>Fem visible els invisibles: Carles Fontser\u00e8.<\/em><\/p>\n<p>La Nova York de mitjans dels anys cinquanta era una ciutat plena d\u2019oportunitats, per\u00f2 tamb\u00e9 de contrastos socials que es visibilitzaven en el carrer. En els mitjans de comunicaci\u00f3 no era freq\u00fcent posar de manifest aquesta \u201caltra\u201d realitat, per\u00f2 l\u2019ull sempre despert i cr\u00edtic de Carles Fontser\u00e8 va saber captar-ho com ning\u00fa: persones sense sostre o amb problemes de diferents caracter\u00edstiques, com alcohol\u00e8mia, drogaddicci\u00f3, trastorns psicol\u00f2gics&#8230; Aix\u00ed doncs, aquesta exposici\u00f3 \u00e9s un viatge que, com apunta el seu creador, \u201cens fa con\u00e8ixer el fons de les cavernes de les nostres civilitzacions i ens ajuda a veure all\u00f2 que normalment no volem veure\u201d. Una manera de posar en relleu que els problemes d\u2019ahir tot sovint tamb\u00e9 s\u00f3n els d\u2019avui. En aquest sentit, l\u2019exposici\u00f3 tamb\u00e9 serveix per sensibilitzar sobre la campanya de C\u00e0ritas que, sota el t\u00edtol\u00a0<em>Fem visibles els invisibles<\/em>, posa en coneixement aquesta realitat social que es veur\u00e0 a trav\u00e9s de les m\u00e9s de vint imatges que s\u2019exhibeixen a l\u2019exposici\u00f3, totes en blanc i negre i amb c\u00f2pia d\u2019\u00e8poca, i que la Generalitat de Catalunya que conserva i difon a trav\u00e9s de l\u2019Arxiu Comarcal del Pla de l\u2019Estany.<\/p>\n<p><u>Inauguraci\u00f3:<\/u>\u00a0Dijous 19 de setembre a les 19:30 h<\/p>\n<p><u>Dates exposici\u00f3:<\/u>\u00a0Del 19 de setembre al 2 de novembre de 2019<\/p>\n<p><u>Horaris:<\/u><u><br \/>\n<\/u>De dilluns a divendres de 17 h a 20 h<\/p>\n<p><u>Localitzaci\u00f3:<\/u>\u00a0Espai Isern Dalmau |\u00a0Carrer Mallorca, 305, local 2 &#8211; Barcelona\u00a0| 08037<\/p>\n<p>&nbsp;<\/p>\n<p>&nbsp;<\/p>\n<p>&nbsp;<\/p>\n","protected":false},"excerpt":{"rendered":"<p>La Fundaci\u00f3 Llu\u00eds Coromina presenta a l\u2019Espai Isern Dalmau de Barcelona l\u2019exposici\u00f3 sobre\u00a0Els invisibles\u00a0de Carles Fontser\u00e8: Fem visible els invisibles: &#8230;<\/p>\n","protected":false},"author":2,"featured_media":4175,"comment_status":"open","ping_status":"open","sticky":false,"template":"","format":"standard","meta":{"footnotes":""},"categories":[14,15,10,9],"tags":[],"class_list":["post-4174","post","type-post","status-publish","format-standard","has-post-thumbnail","hentry","category-accions-culturals","category-accions-socials","category-activitats","category-historic"],"_links":{"self":[{"href":"http:\/\/fundaciolluiscoromina.org\/index.php\/wp-json\/wp\/v2\/posts\/4174","targetHints":{"allow":["GET"]}}],"collection":[{"href":"http:\/\/fundaciolluiscoromina.org\/index.php\/wp-json\/wp\/v2\/posts"}],"about":[{"href":"http:\/\/fundaciolluiscoromina.org\/index.php\/wp-json\/wp\/v2\/types\/post"}],"author":[{"embeddable":true,"href":"http:\/\/fundaciolluiscoromina.org\/index.php\/wp-json\/wp\/v2\/users\/2"}],"replies":[{"embeddable":true,"href":"http:\/\/fundaciolluiscoromina.org\/index.php\/wp-json\/wp\/v2\/comments?post=4174"}],"version-history":[{"count":0,"href":"http:\/\/fundaciolluiscoromina.org\/index.php\/wp-json\/wp\/v2\/posts\/4174\/revisions"}],"wp:attachment":[{"href":"http:\/\/fundaciolluiscoromina.org\/index.php\/wp-json\/wp\/v2\/media?parent=4174"}],"wp:term":[{"taxonomy":"category","embeddable":true,"href":"http:\/\/fundaciolluiscoromina.org\/index.php\/wp-json\/wp\/v2\/categories?post=4174"},{"taxonomy":"post_tag","embeddable":true,"href":"http:\/\/fundaciolluiscoromina.org\/index.php\/wp-json\/wp\/v2\/tags?post=4174"}],"curies":[{"name":"wp","href":"https:\/\/api.w.org\/{rel}","templated":true}]}}