{"id":4188,"date":"2019-09-03T14:28:40","date_gmt":"2019-09-03T12:28:40","guid":{"rendered":"http:\/\/www.fundaciolluiscoromina.org\/?p=4188"},"modified":"2019-09-03T14:28:40","modified_gmt":"2019-09-03T12:28:40","slug":"la-fundacio-lluis-coromina-patrocina-tres-produccions-artistiques-que-es-podran-veure-al-festival-temporada-alta","status":"publish","type":"post","link":"http:\/\/fundaciolluiscoromina.org\/index.php\/2019\/09\/03\/la-fundacio-lluis-coromina-patrocina-tres-produccions-artistiques-que-es-podran-veure-al-festival-temporada-alta\/","title":{"rendered":"La Fundaci\u00f3 Llu\u00eds Coromina patrocina tres produccions art\u00edstiques que es podran veure al Festival Temporada Alta"},"content":{"rendered":"<p>La Fundaci\u00f3 Llu\u00eds Coromina patrocina tres produccions art\u00edstiques que es podran veure a la nova edici\u00f3 de Temporada Alta, el festival internacional d\u2019arts esc\u00e8niques que acaba de presentar la programaci\u00f3 d\u2019enguany i que tindr\u00e0 lloc entre el 3 d\u2019octubre i el 8 de desembre a Girona.<\/p>\n<p>Una de les produccions patrocinades per la Fundaci\u00f3 \u00e9s la proposta ecl\u00e8ctica de <strong>Marcel\u00b7l\u00ed Ant\u00fanez<\/strong> <em>Ultraorbism<\/em>, una acci\u00f3 amb animacions i video mapping basat en les\u00a0<em>Hist\u00f2ries ver\u00eddiques<\/em>\u00a0de l\u2019escriptor siri\u00e0 Lluci\u00e0 de Sam\u00f2sata. La Fundaci\u00f3 Llu\u00eds Coromina tamb\u00e9 ha col\u00b7laborat amb la producci\u00f3 de les propostes art\u00edstiques de <strong>cabosanroque<\/strong> i <strong>Albert Serra<\/strong>, dos banyolins que formen part del conjunt d\u2019artistes que acull la mateixa fundaci\u00f3 i que estan afincats a l\u2019espai del Puntal-Laboratori de les Arts de Banyoles. Aquestes dues produccions\u00a0 s\u00f3n, per una banda, la nova instal\u00b7laci\u00f3 sonora de cabosanroque, <em>Dimonis<\/em>, que recupera certes viv\u00e8ncies del poeta Jacint Verdaguer i que compta amb la participaci\u00f3 enregistrada de Ni\u00f1o de Elche, Roc\u00edo Molina i Enric Casasses i,\u00a0 per l\u2019altra, \u00a0l\u2019\u00faltima pel\u00b7l\u00edcula del director Albert Serra, <em>Libert\u00e9<\/em>, guanyadora del premi especial del jurat al Festival de Cannes 2019 que ha rebut una molt bona acollida per part de la cr\u00edtica internacional.<\/p>\n<p>&nbsp;<\/p>\n<p>Des de la Fundaci\u00f3 us convidem a gaudir d\u2019aquestes tres produccions art\u00edstiques:<\/p>\n<p>Dimarts 12 de novembre, 20 h \u2013 <a href=\"https:\/\/temporada-alta.com\/event\/liberte\/\">\u2018Libert\u00e9\u2019 d\u2019Albert Serra<\/a><\/p>\n<p><a href=\"https:\/\/temporada-alta.com\/event\/liberte\/\"><img loading=\"lazy\" decoding=\"async\" class=\"alignnone wp-image-4190 size-medium\" src=\"http:\/\/www.fundaciolluiscoromina.org\/wp-content\/uploads\/2019\/09\/Liberte_albertserra-300x150.jpg\" alt=\"\" width=\"300\" height=\"150\" \/><\/a><\/p>\n<p>Del 13 al 24 de novembre, diferents horaris \u2013 <a href=\"https:\/\/temporada-alta.com\/event\/dimonis\/\">\u2018Dimonis\u2019 de cabosanroque<\/a><\/p>\n<p><a href=\"https:\/\/temporada-alta.com\/event\/dimonis\/\"><img loading=\"lazy\" decoding=\"async\" class=\"alignnone wp-image-4191 size-medium\" src=\"http:\/\/www.fundaciolluiscoromina.org\/wp-content\/uploads\/2019\/09\/Demons_cabosanroque-300x150.jpg\" alt=\"\" width=\"300\" height=\"150\" \/><\/a><\/p>\n<p>Dissabte 16 de novembre, 21 h \u2013 <a href=\"https:\/\/temporada-alta.com\/event\/ultraorbism\/\">\u2018Ultraorbism\u2019 de Marcel\u00b7l\u00ed Ant\u00fanez<\/a><\/p>\n<p><a href=\"https:\/\/temporada-alta.com\/event\/ultraorbism\/\"><img loading=\"lazy\" decoding=\"async\" class=\"alignnone wp-image-4189 size-medium\" src=\"http:\/\/www.fundaciolluiscoromina.org\/wp-content\/uploads\/2019\/09\/ULTRAORBISM_marceli-300x150.jpg\" alt=\"\" width=\"300\" height=\"150\" \/><\/a><\/p>\n","protected":false},"excerpt":{"rendered":"<p>La Fundaci\u00f3 Llu\u00eds Coromina patrocina tres produccions art\u00edstiques que es podran veure a la nova edici\u00f3 de Temporada Alta, el &#8230;<\/p>\n","protected":false},"author":2,"featured_media":4189,"comment_status":"open","ping_status":"open","sticky":false,"template":"","format":"standard","meta":{"footnotes":""},"categories":[14,10,12],"tags":[],"class_list":["post-4188","post","type-post","status-publish","format-standard","has-post-thumbnail","hentry","category-accions-culturals","category-activitats","category-publicacions"],"_links":{"self":[{"href":"http:\/\/fundaciolluiscoromina.org\/index.php\/wp-json\/wp\/v2\/posts\/4188","targetHints":{"allow":["GET"]}}],"collection":[{"href":"http:\/\/fundaciolluiscoromina.org\/index.php\/wp-json\/wp\/v2\/posts"}],"about":[{"href":"http:\/\/fundaciolluiscoromina.org\/index.php\/wp-json\/wp\/v2\/types\/post"}],"author":[{"embeddable":true,"href":"http:\/\/fundaciolluiscoromina.org\/index.php\/wp-json\/wp\/v2\/users\/2"}],"replies":[{"embeddable":true,"href":"http:\/\/fundaciolluiscoromina.org\/index.php\/wp-json\/wp\/v2\/comments?post=4188"}],"version-history":[{"count":0,"href":"http:\/\/fundaciolluiscoromina.org\/index.php\/wp-json\/wp\/v2\/posts\/4188\/revisions"}],"wp:attachment":[{"href":"http:\/\/fundaciolluiscoromina.org\/index.php\/wp-json\/wp\/v2\/media?parent=4188"}],"wp:term":[{"taxonomy":"category","embeddable":true,"href":"http:\/\/fundaciolluiscoromina.org\/index.php\/wp-json\/wp\/v2\/categories?post=4188"},{"taxonomy":"post_tag","embeddable":true,"href":"http:\/\/fundaciolluiscoromina.org\/index.php\/wp-json\/wp\/v2\/tags?post=4188"}],"curies":[{"name":"wp","href":"https:\/\/api.w.org\/{rel}","templated":true}]}}