{"id":4198,"date":"2019-10-01T09:35:18","date_gmt":"2019-10-01T07:35:18","guid":{"rendered":"http:\/\/www.fundaciolluiscoromina.org\/?p=4198"},"modified":"2019-10-01T09:35:18","modified_gmt":"2019-10-01T07:35:18","slug":"silvia-riva-clou-lexposicio-de-javier-balmaseda-a-barcelona-i-lacull-a-lartalroc-dandorra","status":"publish","type":"post","link":"http:\/\/fundaciolluiscoromina.org\/index.php\/2019\/10\/01\/silvia-riva-clou-lexposicio-de-javier-balmaseda-a-barcelona-i-lacull-a-lartalroc-dandorra\/","title":{"rendered":"S\u00edlvia Riva clou l&#8217;exposici\u00f3 de Javier Balmaseda a Barcelona i l&#8217;acull a l&#8217;Artalroc d&#8217;Andorra"},"content":{"rendered":"<p>La ministra de Cultura i Esports, S\u00edlvia Riva, va cloure l&#8217;exposici\u00f3 de l\u2019artista resident a Andorra, Javier Balmaseda, \u2018La ruta migrat\u00f2ria, una singularitat paisatg\u00edstica\u2019, que s\u2019havia pogut veure els darrers mesos a l&#8217;Espai Isern Dalmau de Barcelona. La clausura tamb\u00e9 va comptar amb la pres\u00e8ncia del mateix artista, el director general de Patrimoni de la Generalitat de Catalunya, Josep Manuel Rueda, la delegada de la Generalitat a Barcelona en mat\u00e8ria de cultura, \u00c0ngel Torras i el president i director de la fundaci\u00f3, Llu\u00eds Coromina i Ricard Planas.<\/p>\n<p>La mostra \u00e9s una instal\u00b7laci\u00f3 art\u00edstica d\u2019una gran espectacularitat que reprodueix un fragment de carretera a mida real, i amb unes dimensions totals de 10 metres de llargada per 4 metres d\u2019amplada. La singularitat recau en el fet que l\u2019asfalt est\u00e0 format per 3.000 de crancs negres de cer\u00e0mica amuntegats els uns sobre els altres. Una obra de cr\u00edtica social amb una mirada als actuals \u00e8xodes migratoris.<\/p>\n<p>La Fira FIAC de Par\u00eds t\u00e9 previst acollir durant el mes d\u2019octubre l\u2019exposici\u00f3 de Balmaseda, on a m\u00e9s, aquest cop, es vendran individualment els 3.000 crancs. Part dels beneficis es destinaran a entitats que estan desenvolupant tasques en pro de les persones migrants. Abans d&#8217;arribar a Par\u00eds, per\u00f2, l&#8217;exposici\u00f3 ha fet una parada a la sala d&#8217;exposicions del Govern Andorr\u00e0, l&#8217;Artalroc, i es podr\u00e0 visitar fins el proper dimarts 8 d&#8217;octubre.<\/p>\n","protected":false},"excerpt":{"rendered":"<p>La ministra de Cultura i Esports, S\u00edlvia Riva, va cloure l&#8217;exposici\u00f3 de l\u2019artista resident a Andorra, Javier Balmaseda, \u2018La ruta &#8230;<\/p>\n","protected":false},"author":2,"featured_media":4199,"comment_status":"open","ping_status":"open","sticky":false,"template":"","format":"standard","meta":{"footnotes":""},"categories":[14,9,12],"tags":[],"class_list":["post-4198","post","type-post","status-publish","format-standard","has-post-thumbnail","hentry","category-accions-culturals","category-historic","category-publicacions"],"_links":{"self":[{"href":"http:\/\/fundaciolluiscoromina.org\/index.php\/wp-json\/wp\/v2\/posts\/4198","targetHints":{"allow":["GET"]}}],"collection":[{"href":"http:\/\/fundaciolluiscoromina.org\/index.php\/wp-json\/wp\/v2\/posts"}],"about":[{"href":"http:\/\/fundaciolluiscoromina.org\/index.php\/wp-json\/wp\/v2\/types\/post"}],"author":[{"embeddable":true,"href":"http:\/\/fundaciolluiscoromina.org\/index.php\/wp-json\/wp\/v2\/users\/2"}],"replies":[{"embeddable":true,"href":"http:\/\/fundaciolluiscoromina.org\/index.php\/wp-json\/wp\/v2\/comments?post=4198"}],"version-history":[{"count":0,"href":"http:\/\/fundaciolluiscoromina.org\/index.php\/wp-json\/wp\/v2\/posts\/4198\/revisions"}],"wp:attachment":[{"href":"http:\/\/fundaciolluiscoromina.org\/index.php\/wp-json\/wp\/v2\/media?parent=4198"}],"wp:term":[{"taxonomy":"category","embeddable":true,"href":"http:\/\/fundaciolluiscoromina.org\/index.php\/wp-json\/wp\/v2\/categories?post=4198"},{"taxonomy":"post_tag","embeddable":true,"href":"http:\/\/fundaciolluiscoromina.org\/index.php\/wp-json\/wp\/v2\/tags?post=4198"}],"curies":[{"name":"wp","href":"https:\/\/api.w.org\/{rel}","templated":true}]}}