{"id":4204,"date":"2019-10-03T15:04:13","date_gmt":"2019-10-03T13:04:13","guid":{"rendered":"http:\/\/www.fundaciolluiscoromina.org\/?p=4204"},"modified":"2019-10-03T15:04:13","modified_gmt":"2019-10-03T13:04:13","slug":"la-galeria-n2-de-barcelona-acull-lexposicio-lluis-vila-a-la-recerca-de-labsolut","status":"publish","type":"post","link":"http:\/\/fundaciolluiscoromina.org\/index.php\/2019\/10\/03\/la-galeria-n2-de-barcelona-acull-lexposicio-lluis-vila-a-la-recerca-de-labsolut\/","title":{"rendered":"La Galeria N2 de Barcelona acull l&#8217;exposici\u00f3 &#8216;Llu\u00eds Vil\u00e0, a la recerca de l&#8217;absolut&#8217;"},"content":{"rendered":"<p>La Fundaci\u00f3 Llu\u00eds Coromina us convida a la inauguraci\u00f3\u00a0de l&#8217;exposici\u00f3\u00a0<em>Llu\u00eds Vil\u00e0, a la recerca de l&#8217;absolut<\/em>,\u00a0el proper\u00a0<strong>dijous 10 d&#8217;octubre a les 19 h a la Galeria N2<\/strong>\u00a0de Barcelona.<\/p>\n<p>Llu\u00eds Vil\u00e0\u00a0va investigar i experimentar amb una gran varietat de formes i materials, en una recerca cont\u00ednua que va culminar amb aquesta s\u00e8rie realitzada el 2009 que, sota el t\u00edtol\u00a0de \u00abAbsolut\u00bb, ens mostra el seu treball m\u00e9s depurat est\u00e8ticament, i d\u00f3na lloc a un conjunt de pintures i escultures que destaquen per la seva austeritat expressiva. Les formes abstractes i essencials de les seves pintures s\u00f3n portadores d&#8217;una alta c\u00e0rrega simb\u00f2lica i es combinen amb la\u00a0s\u00e8rie d&#8217;escultures \u00abNautes\u00bb, un conjunt de\u00a0figures antropomorfes que incorporen un element recurrent al llarg de la seva traject\u00f2ria: el pa, s\u00edmbol de la nostra\u00a0civilitzaci\u00f3. D&#8217;aquesta manera, l&#8217;obra de Llu\u00eds Vil\u00e0 que mostra aquesta exposici\u00f3 forma una unitat, i les seves pintures connecten amb els cossos deformats que\u00a0transiten a la recerca de l&#8217;absolut i que,\u00a0d&#8217;alguna manera, intenten donar una resposta a les nostres indagacions vitals.<\/p>\n<p>L&#8217;exposici\u00f3 s&#8217;inaugurar\u00e0 el dijous 10 d&#8217;octubre a les 19 h\u00a0i finalitzar\u00e0 el dimecres 4 de desembre.<\/p>\n<p>&nbsp;<\/p>\n<p><u>Inauguraci\u00f3:<\/u>\u00a0Dijous 10 d&#8217;octubre a les 19 h<\/p>\n<p><u>Dates exposici\u00f3:<\/u>\u00a0Del 10 d&#8217;octubre al 4 de desembre de 2019<\/p>\n<p><u>Localitzaci\u00f3:<\/u>\u00a0Galeria N2 | Carrer Enric Granados, 61 -08008 Barcelona<\/p>\n","protected":false},"excerpt":{"rendered":"<p>La Fundaci\u00f3 Llu\u00eds Coromina us convida a la inauguraci\u00f3\u00a0de l&#8217;exposici\u00f3\u00a0Llu\u00eds Vil\u00e0, a la recerca de l&#8217;absolut,\u00a0el proper\u00a0dijous 10 d&#8217;octubre a &#8230;<\/p>\n","protected":false},"author":2,"featured_media":4205,"comment_status":"open","ping_status":"open","sticky":false,"template":"","format":"standard","meta":{"footnotes":""},"categories":[10],"tags":[],"class_list":["post-4204","post","type-post","status-publish","format-standard","has-post-thumbnail","hentry","category-activitats"],"_links":{"self":[{"href":"http:\/\/fundaciolluiscoromina.org\/index.php\/wp-json\/wp\/v2\/posts\/4204","targetHints":{"allow":["GET"]}}],"collection":[{"href":"http:\/\/fundaciolluiscoromina.org\/index.php\/wp-json\/wp\/v2\/posts"}],"about":[{"href":"http:\/\/fundaciolluiscoromina.org\/index.php\/wp-json\/wp\/v2\/types\/post"}],"author":[{"embeddable":true,"href":"http:\/\/fundaciolluiscoromina.org\/index.php\/wp-json\/wp\/v2\/users\/2"}],"replies":[{"embeddable":true,"href":"http:\/\/fundaciolluiscoromina.org\/index.php\/wp-json\/wp\/v2\/comments?post=4204"}],"version-history":[{"count":0,"href":"http:\/\/fundaciolluiscoromina.org\/index.php\/wp-json\/wp\/v2\/posts\/4204\/revisions"}],"wp:attachment":[{"href":"http:\/\/fundaciolluiscoromina.org\/index.php\/wp-json\/wp\/v2\/media?parent=4204"}],"wp:term":[{"taxonomy":"category","embeddable":true,"href":"http:\/\/fundaciolluiscoromina.org\/index.php\/wp-json\/wp\/v2\/categories?post=4204"},{"taxonomy":"post_tag","embeddable":true,"href":"http:\/\/fundaciolluiscoromina.org\/index.php\/wp-json\/wp\/v2\/tags?post=4204"}],"curies":[{"name":"wp","href":"https:\/\/api.w.org\/{rel}","templated":true}]}}