{"id":4209,"date":"2019-10-09T12:17:10","date_gmt":"2019-10-09T10:17:10","guid":{"rendered":"http:\/\/www.fundaciolluiscoromina.org\/?p=4209"},"modified":"2019-10-09T12:17:10","modified_gmt":"2019-10-09T10:17:10","slug":"lespora-lodissea-de-les-especies-a-lespai-isern-dalmau","status":"publish","type":"post","link":"http:\/\/fundaciolluiscoromina.org\/index.php\/2019\/10\/09\/lespora-lodissea-de-les-especies-a-lespai-isern-dalmau\/","title":{"rendered":"L&#8217;Espora \u00abL&#8217;Odissea de les Esp\u00e8cies\u00bb, a l&#8217;Espai Isern Dalmau"},"content":{"rendered":"<p><strong>[CANCEL\u00b7LAT PER Q\u00dcESTIONS LOG\u00cdSTIQUES]<\/strong><\/p>\n<p><span class=\"\">El pr\u00f2xim dijous 24 d&#8217;octubre a les 19 h tindr\u00e0 lloc l&#8217;Espora anomenada <em>L&#8217;Odissea de les Esp\u00e8cies<\/em>, organitzat per l&#8217;Institut de Ci\u00e8ncies Biomim\u00e8tiques. Per a reservar la teva entrada cal fer reserva pr\u00e8via en aquest <a class=\"\" href=\"https:\/\/biomimeticsciences.us17.list-manage.com\/track\/click?u=a5c25534b0a9e783652a69a65&amp;id=f9fa62fe7d&amp;e=1bb38b654a\" target=\"_blank\" rel=\"noreferrer noopener\">enlla\u00e7.<\/a><br \/>\n<\/span><\/p>\n<p>&nbsp;<\/p>\n<p><span class=\"\"><strong class=\"\">TEM\u00c0TICA<\/strong><\/span><\/p>\n<p class=\"\"><span class=\"\">L&#8217;obra fotogr\u00e0fica de l&#8217;artista catal\u00e0 exiliat Carles Fontser\u00e8 ens condueix a observar les migracions del regne animal i de la humanitat. Es discuteixen els patrons que poden conduir a aquestes migracions, tant de car\u00e0cter voluntari com per necessitat de l&#8217;individu o de la comunitat.<\/span><\/p>\n<p class=\"\"><span class=\"\">Malgrat haver evolucionat en els \u00faltims mil\u00b7lennis a organitzar-se en societats principalment sedent\u00e0ries, l&#8217;Homo s\u00e0piens origina com una esp\u00e8cie que migra. Fins i tot entre les poblacions contempor\u00e0nies continua havent-hi grups que realitzen viatges migracionals com a experi\u00e8ncia necess\u00e0ria i vital, com s\u00f3n els bedu\u00efns. Es tracta d&#8217;una <strong class=\"\">odissea <\/strong>que no \u00e9s, com pot arribar-se a interpretar avui dia des d&#8217;una perspectiva sedentarista, quelcom ali\u00e8 a la nostra esp\u00e8cie i que de fet ens connecta\u00a0amb el m\u00f3n natural.\u00a0<\/span><\/p>\n<p class=\"\"><span class=\"\">La relaci\u00f3 entre l&#8217;esp\u00e8cie i el medi \u00e9s antiga. De fet, medi i esp\u00e8cie s\u00f3n dos elements que tenen una relaci\u00f3 necess\u00e0riament retroalimentativa i simbi\u00f2tica, com ens demostren les migracions de les esp\u00e8cies animals per una necessitat fisiol\u00f2gica d&#8217;adaptaci\u00f3 que respon a uns medis en canvi constant. A mesura que l&#8217;estat natural del medi es muta a causa del canvi clim\u00e0tic, els patrons de migraci\u00f3, tant animals com humans, tamb\u00e9 canvien.<\/span><\/p>\n<p class=\"\"><span class=\"\">Parlem de migracions naturals i\/o provocades.<\/span><\/p>\n<p>&nbsp;<\/p>\n<p class=\"\"><span class=\"\"><strong class=\"\">PROGRAMA<\/strong><\/span><\/p>\n<p class=\"\"><span class=\"\">19:00 &#8211; 19:15 &#8211; Benvinguda<\/span><\/p>\n<p class=\"\"><span class=\"\">19:15 &#8211; 19:35 &#8211; Exposici\u00f3 Carles Fontser\u00e8<\/span><\/p>\n<p class=\"\"><span class=\"\">19:40 &#8211; 20:10 &#8211; Discussi\u00f3 (Ponents: Joan Monr\u00e0s i Francesco Sottile; Moderador: Benet And\u00fajar)<\/span><\/p>\n<p class=\"\"><span class=\"\">20:10 &#8211; 20:20 &#8211; Tancament de la Sessi\u00f3 (Pere Monr\u00e0s, fundador)<\/span><\/p>\n<p class=\"\"><span class=\"\">20:20 &#8211; Copa<\/span><\/p>\n<p>&nbsp;<\/p>\n<p><u>Data<\/u>: Dijous 24 d&#8217;octubre, de 19 h a 20:30 h<\/p>\n<p><span class=\"\"><u>Localitzaci\u00f3<\/u>: Espai Isern Dalmau &#8211; Fundaci\u00f3 Llu\u00eds Coromina, Carrer de Mallorca, 305 (local 2), 08037 Barcelona<\/span><\/p>\n<p><u>Preu<\/u>: Gratu\u00eft<\/p>\n<p><span class=\"\"><u>Reserves:<\/u>\u00a0<\/span><span class=\"\">En aquest <a class=\"\" href=\"https:\/\/biomimeticsciences.us17.list-manage.com\/track\/click?u=a5c25534b0a9e783652a69a65&amp;id=f9fa62fe7d&amp;e=1bb38b654a\" target=\"_blank\" rel=\"noreferrer noopener\">enlla\u00e7<\/a>.\u00a0Selecciona el bot\u00f3 de \u00abregister\u00bb i omple el requadre emergent amb les teves dades personals<\/span><\/p>\n<p><span class=\"\">Per qualsevol altre dubte, contacta amb l&#8217;Institut de Ci\u00e8ncies Biomim\u00e8tiques <a href=\"hola@biomimeticsciences.org\">per correu<\/a>\u00a0o per tel\u00e8fon (<strong class=\"\">934982221<\/strong>).\u00a0<\/span><\/p>\n","protected":false},"excerpt":{"rendered":"<p>[CANCEL\u00b7LAT PER Q\u00dcESTIONS LOG\u00cdSTIQUES] El pr\u00f2xim dijous 24 d&#8217;octubre a les 19 h tindr\u00e0 lloc l&#8217;Espora anomenada L&#8217;Odissea de les &#8230;<\/p>\n","protected":false},"author":2,"featured_media":4210,"comment_status":"open","ping_status":"open","sticky":false,"template":"","format":"standard","meta":{"footnotes":""},"categories":[10,11,228,9,12],"tags":[],"class_list":["post-4209","post","type-post","status-publish","format-standard","has-post-thumbnail","hentry","category-activitats","category-educacio-2","category-exposicions-espai-isern-dalmau","category-historic","category-publicacions"],"_links":{"self":[{"href":"http:\/\/fundaciolluiscoromina.org\/index.php\/wp-json\/wp\/v2\/posts\/4209","targetHints":{"allow":["GET"]}}],"collection":[{"href":"http:\/\/fundaciolluiscoromina.org\/index.php\/wp-json\/wp\/v2\/posts"}],"about":[{"href":"http:\/\/fundaciolluiscoromina.org\/index.php\/wp-json\/wp\/v2\/types\/post"}],"author":[{"embeddable":true,"href":"http:\/\/fundaciolluiscoromina.org\/index.php\/wp-json\/wp\/v2\/users\/2"}],"replies":[{"embeddable":true,"href":"http:\/\/fundaciolluiscoromina.org\/index.php\/wp-json\/wp\/v2\/comments?post=4209"}],"version-history":[{"count":0,"href":"http:\/\/fundaciolluiscoromina.org\/index.php\/wp-json\/wp\/v2\/posts\/4209\/revisions"}],"wp:attachment":[{"href":"http:\/\/fundaciolluiscoromina.org\/index.php\/wp-json\/wp\/v2\/media?parent=4209"}],"wp:term":[{"taxonomy":"category","embeddable":true,"href":"http:\/\/fundaciolluiscoromina.org\/index.php\/wp-json\/wp\/v2\/categories?post=4209"},{"taxonomy":"post_tag","embeddable":true,"href":"http:\/\/fundaciolluiscoromina.org\/index.php\/wp-json\/wp\/v2\/tags?post=4209"}],"curies":[{"name":"wp","href":"https:\/\/api.w.org\/{rel}","templated":true}]}}