{"id":4215,"date":"2019-10-15T16:53:01","date_gmt":"2019-10-15T14:53:01","guid":{"rendered":"http:\/\/www.fundaciolluiscoromina.org\/?p=4215"},"modified":"2019-10-15T16:53:01","modified_gmt":"2019-10-15T14:53:01","slug":"comunicat-en-resposta-a-la-sentencia-del-14-doctubre-de-2019","status":"publish","type":"post","link":"http:\/\/fundaciolluiscoromina.org\/index.php\/2019\/10\/15\/comunicat-en-resposta-a-la-sentencia-del-14-doctubre-de-2019\/","title":{"rendered":"Comunicat en resposta a la sent\u00e8ncia del 14 d&#8217;octubre de 2019"},"content":{"rendered":"<div>La Fundaci\u00f3 Llu\u00eds Coromina Isern, amb m\u00e9s d\u2019una d\u00e8cada dedicada al m\u00f3n de les arts, la preservaci\u00f3 de la natura i la protecci\u00f3 de les persones desafavorides, expressa la seva m\u00e9s profunda tristesa, desenc\u00eds i consternaci\u00f3 per una resoluci\u00f3 judicial condemnat\u00f2ria a l\u00edders c\u00edvics i pol\u00edtics catalans, que de ben segur no ajuda a solucionar el conflicte pol\u00edtic que viu Catalunya en el moment present.<\/div>\n<div><\/div>\n<div>La llibertat d\u2019expressi\u00f3 de les persones individualment i dels seus pobles, en el cas catal\u00e0 sempre de manera pac\u00edfica, s\u00f3n drets internacionals d\u2019incalculable valor que cal preservar. La soluci\u00f3 d&#8217;un conflicte pol\u00edtic com l\u2019actual no pensem que s&#8217;aconsegueixi amb la seva judicialitzaci\u00f3 i creiem fermament que no hi ha cap altre cam\u00ed que el di\u00e0leg.<\/div>\n<div><\/div>\n<div><\/div>\n<div>Fotografia de Mabel Salgado de l&#8217;Acci\u00f3 \u201cLlum i Llibertat\u201d<\/div>\n","protected":false},"excerpt":{"rendered":"<p>La Fundaci\u00f3 Llu\u00eds Coromina Isern, amb m\u00e9s d\u2019una d\u00e8cada dedicada al m\u00f3n de les arts, la preservaci\u00f3 de la natura &#8230;<\/p>\n","protected":false},"author":2,"featured_media":4216,"comment_status":"open","ping_status":"open","sticky":false,"template":"","format":"standard","meta":{"footnotes":""},"categories":[10],"tags":[],"class_list":["post-4215","post","type-post","status-publish","format-standard","has-post-thumbnail","hentry","category-activitats"],"_links":{"self":[{"href":"http:\/\/fundaciolluiscoromina.org\/index.php\/wp-json\/wp\/v2\/posts\/4215","targetHints":{"allow":["GET"]}}],"collection":[{"href":"http:\/\/fundaciolluiscoromina.org\/index.php\/wp-json\/wp\/v2\/posts"}],"about":[{"href":"http:\/\/fundaciolluiscoromina.org\/index.php\/wp-json\/wp\/v2\/types\/post"}],"author":[{"embeddable":true,"href":"http:\/\/fundaciolluiscoromina.org\/index.php\/wp-json\/wp\/v2\/users\/2"}],"replies":[{"embeddable":true,"href":"http:\/\/fundaciolluiscoromina.org\/index.php\/wp-json\/wp\/v2\/comments?post=4215"}],"version-history":[{"count":0,"href":"http:\/\/fundaciolluiscoromina.org\/index.php\/wp-json\/wp\/v2\/posts\/4215\/revisions"}],"wp:attachment":[{"href":"http:\/\/fundaciolluiscoromina.org\/index.php\/wp-json\/wp\/v2\/media?parent=4215"}],"wp:term":[{"taxonomy":"category","embeddable":true,"href":"http:\/\/fundaciolluiscoromina.org\/index.php\/wp-json\/wp\/v2\/categories?post=4215"},{"taxonomy":"post_tag","embeddable":true,"href":"http:\/\/fundaciolluiscoromina.org\/index.php\/wp-json\/wp\/v2\/tags?post=4215"}],"curies":[{"name":"wp","href":"https:\/\/api.w.org\/{rel}","templated":true}]}}