{"id":4224,"date":"2019-10-30T12:01:13","date_gmt":"2019-10-30T11:01:13","guid":{"rendered":"http:\/\/www.fundaciolluiscoromina.org\/?p=4224"},"modified":"2019-10-30T12:01:13","modified_gmt":"2019-10-30T11:01:13","slug":"marcelli-antunez-presenta-la-installacio-interactiva-alsaxy-marcellaxia-social","status":"publish","type":"post","link":"http:\/\/fundaciolluiscoromina.org\/index.php\/2019\/10\/30\/marcelli-antunez-presenta-la-installacio-interactiva-alsaxy-marcellaxia-social\/","title":{"rendered":"Marcel\u00b7l\u00ed Ant\u00fanez presenta la instal\u00b7laci\u00f3 interactiva &#8216;ALSAXY &#8211; Marcel\u00b7l\u00e0xia social&#8217;"},"content":{"rendered":"<p>La Fundaci\u00f3 Llu\u00eds Coromina us convida a la inauguraci\u00f3\u00a0de l&#8217;exposici\u00f3 <em>ALSAXY &#8211; Marcel\u00b7l\u00e0xia social<\/em>\u00a0de Marcel\u00b7l\u00ed Ant\u00fanez, el proper <strong>divendres 8 de novembre\u00a0a les 19:30 h a l&#8217;Espai Isern Dalmau<\/strong>\u00a0de Barcelona.<\/p>\n<p>Una\u00a0instal\u00b7laci\u00f3 interactiva fruit d&#8217;una resid\u00e8ncia de l\u2019artista\u00a0al barri d&#8217;Hautepierre a Estrasburg (Fran\u00e7a) al 2015, que es completa amb un recull de dibuixos preparatoris, una intervenci\u00f3 mural, fotografies i un documental del proc\u00e9s de treball.\u00a0<strong>Marcel\u00b7l\u00ed Ant\u00fanez<\/strong>, reconegut internacionalment com una de les figures m\u00e9s rellevants de l\u2019art electr\u00f2nic i l\u2019experimentaci\u00f3 esc\u00e8nica,\u00a0presenta aquesta instal\u00b7laci\u00f3\u00a0per primera vegada a Barcelona i a Catalunya.<\/p>\n<p>&nbsp;<\/p>\n<p><strong>Marcel\u00b7l\u00ed Ant\u00fanez<\/strong><\/p>\n<p>La traject\u00f2ria de Marcel\u00b7li avarca un per\u00edode de 30 anys, durant els quals ha desenvolupat un univers visual absolutament personal i iconoclasta, basat en una reflexi\u00f3 sobre sistemes de producci\u00f3 art\u00edstica, el que ell denomina <em>Sistematurgia<\/em>, amb una iconografia particular i pr\u00f2pia. A destacar, com a cofundador de la Fura dels Baus, ha realitzat instal\u00b7lacions i performances a museus, galeries, teatres i espais no convencionals en m\u00e9s de 35 pa\u00efsos, entre els que figuren el Mus\u00e9e Europienne de la Photographie de la Ville de Paris, el Institute of Contemporary Arts de Londres, el DAF de Tokio, el MACBA de Barcelona o el ZDB de Lisboa. La seva obra inclou performances mecatr\u00f2niques en ocasions amb robots, instal\u00b7lacions interactives i col\u00b7laboracions amb col\u00b7lectius entre els que destaquen la Fura dels Baus del que va ser fundador i l\u00edder en els anys vuitanta. Els seus treballs han estat ressenyats en m\u00faltiples edicions de tot el m\u00f3n. Ant\u00fanez ha rebut entre d\u2019altres els seg\u00fcents premis i distincions: Primer premi en el Festival Etrange de Paris 1994, Best New Media Noveaux Cin\u00e9ma Noveaux M\u00e9dias de Montreal 1999, Premi Max Espa\u00f1a 2001, Premi FAD 2001 de Barcelona, Menci\u00f3 d&#8217;Honor a Prix Ars Electronica 2003\u00a0 o el Premi Ciutat de Barcelona el 2004.<\/p>\n<p>Des del 2010, Marcel\u00b7l\u00ed est\u00e0 treballant en el que ell anomena l\u2019Arsenale della Apparizioni dins del qual ha creat tres peces, la primera \u00e9s una performance anomenada Cotrone, estrenada al (2010), la segona \u00e9s un film el Peix Sebastiano (2011) estrenat al Festival de cinema Fant\u00e0stic de Sitges\u00a0\u00a0i l\u2019\u00faltima performance estrenada al Grec de Barcelona Pseudo (2012).<\/p>\n<p>Al 2014, ha presentat l&#8217;exposici\u00f3\u00a0<em>Sistemat\u00fargia. Accions, Dispositius i Dibuixos<\/em>, a l&#8217;Arts Santa M\u00f2nica de Barcelona amb la intenci\u00f3 de donar a con\u00e8ixer el seu particular m\u00e8tode de creaci\u00f3 basat en aquest neologisme, la Sistemat\u00fargia, entesa com una dramat\u00fargia dels sistemes computacionals.<\/p>\n<p>L&#8217;exposici\u00f3 s&#8217;inaugurar\u00e0 el divendres 8 de novembre i finalitzar\u00e0 el divendres 31 de gener del 2020.<\/p>\n<p>&nbsp;<\/p>\n<p><u>Inauguraci\u00f3:<\/u>\u00a0Divendres 8 de novembre a les 19:30 h<\/p>\n<p><u>Dates exposici\u00f3:<\/u>\u00a0Del 8 de novembre del 2019 al 29 de febrer del 2020<\/p>\n<p><u>Localitzaci\u00f3:<\/u>\u00a0Espai Isern Dalmau | Carrer Mallorca, 305, local 2 &#8211; 08037 Barcelona<\/p>\n<p><u>Horaris:<\/u><u><br \/>\n<\/u>De dilluns a divendres de 17 h a 20 h<\/p>\n","protected":false},"excerpt":{"rendered":"<p>La Fundaci\u00f3 Llu\u00eds Coromina us convida a la inauguraci\u00f3\u00a0de l&#8217;exposici\u00f3 ALSAXY &#8211; Marcel\u00b7l\u00e0xia social\u00a0de Marcel\u00b7l\u00ed Ant\u00fanez, el proper divendres 8 &#8230;<\/p>\n","protected":false},"author":2,"featured_media":4226,"comment_status":"open","ping_status":"open","sticky":false,"template":"","format":"standard","meta":{"footnotes":""},"categories":[14,10,228,9,12],"tags":[],"class_list":["post-4224","post","type-post","status-publish","format-standard","has-post-thumbnail","hentry","category-accions-culturals","category-activitats","category-exposicions-espai-isern-dalmau","category-historic","category-publicacions"],"_links":{"self":[{"href":"http:\/\/fundaciolluiscoromina.org\/index.php\/wp-json\/wp\/v2\/posts\/4224","targetHints":{"allow":["GET"]}}],"collection":[{"href":"http:\/\/fundaciolluiscoromina.org\/index.php\/wp-json\/wp\/v2\/posts"}],"about":[{"href":"http:\/\/fundaciolluiscoromina.org\/index.php\/wp-json\/wp\/v2\/types\/post"}],"author":[{"embeddable":true,"href":"http:\/\/fundaciolluiscoromina.org\/index.php\/wp-json\/wp\/v2\/users\/2"}],"replies":[{"embeddable":true,"href":"http:\/\/fundaciolluiscoromina.org\/index.php\/wp-json\/wp\/v2\/comments?post=4224"}],"version-history":[{"count":0,"href":"http:\/\/fundaciolluiscoromina.org\/index.php\/wp-json\/wp\/v2\/posts\/4224\/revisions"}],"wp:attachment":[{"href":"http:\/\/fundaciolluiscoromina.org\/index.php\/wp-json\/wp\/v2\/media?parent=4224"}],"wp:term":[{"taxonomy":"category","embeddable":true,"href":"http:\/\/fundaciolluiscoromina.org\/index.php\/wp-json\/wp\/v2\/categories?post=4224"},{"taxonomy":"post_tag","embeddable":true,"href":"http:\/\/fundaciolluiscoromina.org\/index.php\/wp-json\/wp\/v2\/tags?post=4224"}],"curies":[{"name":"wp","href":"https:\/\/api.w.org\/{rel}","templated":true}]}}