{"id":4238,"date":"2019-11-06T10:21:45","date_gmt":"2019-11-06T09:21:45","guid":{"rendered":"http:\/\/www.fundaciolluiscoromina.org\/?p=4238"},"modified":"2019-11-06T10:21:45","modified_gmt":"2019-11-06T09:21:45","slug":"caritas-del-pla-de-lestany","status":"publish","type":"post","link":"http:\/\/fundaciolluiscoromina.org\/index.php\/2019\/11\/06\/caritas-del-pla-de-lestany\/","title":{"rendered":"L&#8217;exposici\u00f3 &#8216;Art Solidari&#8217; de C\u00e0ritas del Pla de l&#8217;Estany, a l&#8217;Espai Rafel Marquina del Puntal"},"content":{"rendered":"<p>La Fundaci\u00f3 Llu\u00eds Coromina us convida a la presentaci\u00f3 <strong><em>Art solidari<\/em>\u00a0<\/strong>de C\u00e0ritas al Pla de l\u2019Estany, una exposici\u00f3 d\u2019obres d\u2019art<strong>\u00a0<\/strong>que t\u00e9 com a objectiu captar fons per tal de continuar desenvolupant projectes d\u2019acci\u00f3 social a la comarca. La presentaci\u00f3 tindr\u00e0 lloc el proper <strong>divendres 15 de novembre a les 19 h<\/strong>\u00a0a l&#8217;Espai Rafel Marquina de <strong>El Puntal &#8211; Laboratori de les arts<\/strong>.<\/p>\n<p>C\u00e0ritas desenvolupa una vintena de projectes al Pla de l&#8217;Estany que permeten atendre m\u00e9s de 1.000 persones. Totes les persones que\u00a0formen part de\u00a0C\u00e0ritas -socis, donants, empreses, entitats i organitzacions compromeses amb l\u2019entitat- tenen un comprom\u00eds amb aquells que no han tingut les mateixes oportunitats o que pateixen exclusi\u00f3 social. D&#8217;aquesta manera, el comprom\u00eds esdev\u00e9 un vincle i es converteix en\u00a0la garantia per no oblidar,\u00a0per lluitar perqu\u00e8 tothom pugui tirar endavant, malgrat les circumst\u00e0ncies i punts de partida desiguals.<\/p>\n<p>L&#8217;exposici\u00f3 s&#8217;inaugurar\u00e0 el divendres 15 de novembre\u00a0i finalitzar\u00e0 el divendres 22 de novembre.<\/p>\n<p>&nbsp;<\/p>\n<p><u>Inauguraci\u00f3:<\/u>\u00a0Divendres 15 de novembre a les 19 h<\/p>\n<p><u>Dates exposici\u00f3:<\/u>\u00a0Del 15 de novembre al 22 de novembre del 2019<\/p>\n<p><u>Localitzaci\u00f3:<\/u>\u00a0El Puntal &#8211; Laboratori de les arts | Espai Rafel Marquina | Carrer Girona, 161 &#8211; 17820 Banyoles<\/p>\n","protected":false},"excerpt":{"rendered":"<p>La Fundaci\u00f3 Llu\u00eds Coromina us convida a la presentaci\u00f3 Art solidari\u00a0de C\u00e0ritas al Pla de l\u2019Estany, una exposici\u00f3 d\u2019obres d\u2019art\u00a0que &#8230;<\/p>\n","protected":false},"author":2,"featured_media":4243,"comment_status":"open","ping_status":"open","sticky":false,"template":"","format":"standard","meta":{"footnotes":""},"categories":[14,15,10,13,12],"tags":[],"class_list":["post-4238","post","type-post","status-publish","format-standard","has-post-thumbnail","hentry","category-accions-culturals","category-accions-socials","category-activitats","category-exposicions-puntal-lab","category-publicacions"],"_links":{"self":[{"href":"http:\/\/fundaciolluiscoromina.org\/index.php\/wp-json\/wp\/v2\/posts\/4238","targetHints":{"allow":["GET"]}}],"collection":[{"href":"http:\/\/fundaciolluiscoromina.org\/index.php\/wp-json\/wp\/v2\/posts"}],"about":[{"href":"http:\/\/fundaciolluiscoromina.org\/index.php\/wp-json\/wp\/v2\/types\/post"}],"author":[{"embeddable":true,"href":"http:\/\/fundaciolluiscoromina.org\/index.php\/wp-json\/wp\/v2\/users\/2"}],"replies":[{"embeddable":true,"href":"http:\/\/fundaciolluiscoromina.org\/index.php\/wp-json\/wp\/v2\/comments?post=4238"}],"version-history":[{"count":0,"href":"http:\/\/fundaciolluiscoromina.org\/index.php\/wp-json\/wp\/v2\/posts\/4238\/revisions"}],"wp:attachment":[{"href":"http:\/\/fundaciolluiscoromina.org\/index.php\/wp-json\/wp\/v2\/media?parent=4238"}],"wp:term":[{"taxonomy":"category","embeddable":true,"href":"http:\/\/fundaciolluiscoromina.org\/index.php\/wp-json\/wp\/v2\/categories?post=4238"},{"taxonomy":"post_tag","embeddable":true,"href":"http:\/\/fundaciolluiscoromina.org\/index.php\/wp-json\/wp\/v2\/tags?post=4238"}],"curies":[{"name":"wp","href":"https:\/\/api.w.org\/{rel}","templated":true}]}}