{"id":4255,"date":"2019-11-19T11:34:53","date_gmt":"2019-11-19T10:34:53","guid":{"rendered":"http:\/\/www.fundaciolluiscoromina.org\/?p=4255"},"modified":"2019-11-19T11:34:53","modified_gmt":"2019-11-19T10:34:53","slug":"larbre-de-la-menja-a-xellistan-de-marcelli-antunez-arriba-a-lespai-eat-art","status":"publish","type":"post","link":"http:\/\/fundaciolluiscoromina.org\/index.php\/2019\/11\/19\/larbre-de-la-menja-a-xellistan-de-marcelli-antunez-arriba-a-lespai-eat-art\/","title":{"rendered":"&#8216;L&#8217;arbre de la Menja a Xel\u00b7listan&#8217; de Marcel\u00b7l\u00ed Ant\u00fanez arriba a l&#8217;Espai Eat Art"},"content":{"rendered":"<p>La Fundaci\u00f3 Llu\u00eds Coromina us convida a la inauguraci\u00f3\u00a0de l\u2019exposici\u00f3\u00a0<em>L&#8217;arbre de la menja a Xel\u00b7listan<\/em>\u00a0de Marcel\u00b7l\u00ed Ant\u00fanez, el proper\u00a0<strong>divendres 22 de novembre a les 19:30 h a l&#8217;Espai Eat Art<\/strong>\u00a0de Banyoles.<\/p>\n<p>Aquesta exposici\u00f3, una mena de Cambra de les Meravelles, est\u00e0 composta per elements diversos tots ells, relacionats amb la menja en l&#8217;obra de Marcel\u00b7l\u00ed\u00a0Ant\u00fanez\u00a0Roca. Es tracta de materials heterogenis, alguns produ\u00efts expressament per a la mostra, com el v\u00eddeo, dibuixos i\u00a0c\u00f2dex, aix\u00ed com altres materials restaurats. Tamb\u00e9 hi trobem les escultures, material de les quals \u00e9s la carn de porc, produ\u00efdes per l&#8217;exposici\u00f3 <em>La vida sense amor no t\u00e9 sentit,<\/em> presentada per primera vegada el 1993 a la sala Montcada de la Fundaci\u00f3 La Caixa de Barcelona.<\/p>\n<p>Per endre\u00e7ar l&#8217;aspecte del menjar en l\u2019obra i construir-ne el relat d&#8217;aquesta, l\u2019artista ha utilitzat el model de figura de l&#8217;arbre. Aquest model, molt utilitzat en biologia, serveix en aquest exposici\u00f3 per determinar un arbre que t\u00e9 dues branques principals, la de menja real i la de la figurada, que surten del tronc de les mat\u00e8ries primeres. D&#8217;elles se&#8217;n deriven altres com la del joc, els ginys, l&#8217;orgia, la pell, el guarniment o la farmacopea i la faula. \u00abEn el pa\u00eds de Marcel\u00b7l\u00ed, el\u00a0Xel\u00b7listan, hi ha un Arbre de la Menja del que res no es menja\u00bb.<\/p>\n<p>&nbsp;<\/p>\n<p><u>Inauguraci\u00f3:<\/u>\u00a0Divendres 22 de novembre a les 19:30 h<\/p>\n<p><u>Dates exposici\u00f3:<\/u>\u00a0Del 22 de novembre del 2019 al 29 de febrer del 2020<\/p>\n<p><u>Localitzaci\u00f3:<\/u>\u00a0Espai Eat Art |\u00a0Pla\u00e7a Major, 33 \u2013 Banyoles\u00a0| 17820<\/p>\n<p><u>Horaris:<\/u><\/p>\n<p>Dimecres, dijous i divendres de 16:30 h a 20:30 h<\/p>\n<p>Dissabtes d\u201911 h a 14 h i de 16:30 h a 20:30 h<\/p>\n","protected":false},"excerpt":{"rendered":"<p>La Fundaci\u00f3 Llu\u00eds Coromina us convida a la inauguraci\u00f3\u00a0de l\u2019exposici\u00f3\u00a0L&#8217;arbre de la menja a Xel\u00b7listan\u00a0de Marcel\u00b7l\u00ed Ant\u00fanez, el proper\u00a0divendres 22 &#8230;<\/p>\n","protected":false},"author":2,"featured_media":4258,"comment_status":"open","ping_status":"open","sticky":false,"template":"","format":"standard","meta":{"footnotes":""},"categories":[14,10,17,12],"tags":[],"class_list":["post-4255","post","type-post","status-publish","format-standard","has-post-thumbnail","hentry","category-accions-culturals","category-activitats","category-exposicions-espai-eat-art","category-publicacions"],"_links":{"self":[{"href":"http:\/\/fundaciolluiscoromina.org\/index.php\/wp-json\/wp\/v2\/posts\/4255","targetHints":{"allow":["GET"]}}],"collection":[{"href":"http:\/\/fundaciolluiscoromina.org\/index.php\/wp-json\/wp\/v2\/posts"}],"about":[{"href":"http:\/\/fundaciolluiscoromina.org\/index.php\/wp-json\/wp\/v2\/types\/post"}],"author":[{"embeddable":true,"href":"http:\/\/fundaciolluiscoromina.org\/index.php\/wp-json\/wp\/v2\/users\/2"}],"replies":[{"embeddable":true,"href":"http:\/\/fundaciolluiscoromina.org\/index.php\/wp-json\/wp\/v2\/comments?post=4255"}],"version-history":[{"count":0,"href":"http:\/\/fundaciolluiscoromina.org\/index.php\/wp-json\/wp\/v2\/posts\/4255\/revisions"}],"wp:attachment":[{"href":"http:\/\/fundaciolluiscoromina.org\/index.php\/wp-json\/wp\/v2\/media?parent=4255"}],"wp:term":[{"taxonomy":"category","embeddable":true,"href":"http:\/\/fundaciolluiscoromina.org\/index.php\/wp-json\/wp\/v2\/categories?post=4255"},{"taxonomy":"post_tag","embeddable":true,"href":"http:\/\/fundaciolluiscoromina.org\/index.php\/wp-json\/wp\/v2\/tags?post=4255"}],"curies":[{"name":"wp","href":"https:\/\/api.w.org\/{rel}","templated":true}]}}