{"id":4262,"date":"2019-12-02T14:24:17","date_gmt":"2019-12-02T13:24:17","guid":{"rendered":"http:\/\/www.fundaciolluiscoromina.org\/?p=4262"},"modified":"2019-12-02T14:24:17","modified_gmt":"2019-12-02T13:24:17","slug":"duot-presenta-el-nou-disc-fe-a-barcelona-i-banyoles","status":"publish","type":"post","link":"http:\/\/fundaciolluiscoromina.org\/index.php\/2019\/12\/02\/duot-presenta-el-nou-disc-fe-a-barcelona-i-banyoles\/","title":{"rendered":"DUOT presenta el nou disc &#8216;FE&#8217; a Barcelona i Banyoles"},"content":{"rendered":"<p>La Fundaci\u00f3 Llu\u00eds Coromina us convida al concert de<strong> DUOT<\/strong>, una actuaci\u00f3 de m\u00fasica improvisada a c\u00e0rrec del bateria <strong>Ramon Prats<\/strong> i el saxofonista <strong>Albert Cirera<\/strong>. Els dos artistes presenten el seu nou disc <em>FE<\/em>, un treball nascut a la c\u00fapula del Festival Estrany de Banyoles despr\u00e9s d\u2019una nit en qu\u00e8 el duet va tocar durant deu hores seguides. Un any despr\u00e9s d\u2019aquella actuaci\u00f3, Ramon Prats i Albert Cirera es van tornar a trobar al mateix lloc i van enregistrar aquest nou \u00e0lbum que barreja sensacions i sonoritats inspirades pel silenci del bosc i que han donat lloc a una obra experimental que segueix buscant noves formes d\u2019expressi\u00f3 musical. Despr\u00e9s de m\u00e9s d\u2019una d\u00e8cada tocant plegats, els dos artistes tenen fe de seguir tocant i creant plegats durant molt temps, i faran un doble concert per mostrar la complicitat que els caracteritza: dijous 12 de desembre a l\u2019Espai Isern Dalmau de Barcelona (21 h) i diumenge 15 de desembre a l&#8217;Espai Eat Art de Banyoles (19 h).<\/p>\n<p>&nbsp;<\/p>\n<p><u>Dates:<\/u><\/p>\n<p><strong>Dijous 12 de desembre \u2013 21 h <\/strong><\/p>\n<p>Espai Isern Dalmau<\/p>\n<p>Carrer Mallorca, 305, local 2 &#8211; Barcelona| 08037<\/p>\n<p><strong>\u00a0<\/strong><strong>Diumenge 15 de desembre \u2013 19 h<\/strong><\/p>\n<p>Espai Eat Art<\/p>\n<p>Pla\u00e7a Major, 33| 17820<\/p>\n<p>&nbsp;<\/p>\n<p>Aforament limitat | Entrades 5 \u20ac<\/p>\n","protected":false},"excerpt":{"rendered":"<p>La Fundaci\u00f3 Llu\u00eds Coromina us convida al concert de DUOT, una actuaci\u00f3 de m\u00fasica improvisada a c\u00e0rrec del bateria Ramon &#8230;<\/p>\n","protected":false},"author":2,"featured_media":4263,"comment_status":"open","ping_status":"open","sticky":false,"template":"","format":"standard","meta":{"footnotes":""},"categories":[14,10,228,17,9,12],"tags":[],"class_list":["post-4262","post","type-post","status-publish","format-standard","has-post-thumbnail","hentry","category-accions-culturals","category-activitats","category-exposicions-espai-isern-dalmau","category-exposicions-espai-eat-art","category-historic","category-publicacions"],"_links":{"self":[{"href":"http:\/\/fundaciolluiscoromina.org\/index.php\/wp-json\/wp\/v2\/posts\/4262","targetHints":{"allow":["GET"]}}],"collection":[{"href":"http:\/\/fundaciolluiscoromina.org\/index.php\/wp-json\/wp\/v2\/posts"}],"about":[{"href":"http:\/\/fundaciolluiscoromina.org\/index.php\/wp-json\/wp\/v2\/types\/post"}],"author":[{"embeddable":true,"href":"http:\/\/fundaciolluiscoromina.org\/index.php\/wp-json\/wp\/v2\/users\/2"}],"replies":[{"embeddable":true,"href":"http:\/\/fundaciolluiscoromina.org\/index.php\/wp-json\/wp\/v2\/comments?post=4262"}],"version-history":[{"count":0,"href":"http:\/\/fundaciolluiscoromina.org\/index.php\/wp-json\/wp\/v2\/posts\/4262\/revisions"}],"wp:attachment":[{"href":"http:\/\/fundaciolluiscoromina.org\/index.php\/wp-json\/wp\/v2\/media?parent=4262"}],"wp:term":[{"taxonomy":"category","embeddable":true,"href":"http:\/\/fundaciolluiscoromina.org\/index.php\/wp-json\/wp\/v2\/categories?post=4262"},{"taxonomy":"post_tag","embeddable":true,"href":"http:\/\/fundaciolluiscoromina.org\/index.php\/wp-json\/wp\/v2\/tags?post=4262"}],"curies":[{"name":"wp","href":"https:\/\/api.w.org\/{rel}","templated":true}]}}