{"id":4274,"date":"2020-01-13T09:32:38","date_gmt":"2020-01-13T08:32:38","guid":{"rendered":"http:\/\/www.fundaciolluiscoromina.org\/?p=4274"},"modified":"2020-01-13T09:32:38","modified_gmt":"2020-01-13T08:32:38","slug":"la-fundacio-lluis-coromina-sadhereix-a-la-iniciativa-actua-cultura-2","status":"publish","type":"post","link":"http:\/\/fundaciolluiscoromina.org\/index.php\/2020\/01\/13\/la-fundacio-lluis-coromina-sadhereix-a-la-iniciativa-actua-cultura-2\/","title":{"rendered":"La Fundaci\u00f3 Llu\u00eds Coromina s&#8217;adhereix a la iniciativa Actua Cultura 2%"},"content":{"rendered":"<p class=\"mce\">La Fundaci\u00f3 Llu\u00eds Coromina se suma a la iniciativa de la nova plataforma <strong>Actua Cultura<\/strong>, formada per la gran majoria del sector cultural catal\u00e0, que reclama que es destini el 2% del pressupost que aprovi el Govern a la cultura. El sector de les arts esc\u00e8niques, l&#8217;art, la m\u00fasica, l&#8217;audiovisual i el llibre s&#8217;han unit per primera vegada en aquesta plataforma i asseguren que el 2% \u00e9s el \u00abm\u00ednim per\u00a0tenir una cultura digna\u00bb, una xifra que respon a la mitjana dels pa\u00efsos de la Uni\u00f3 Europea.<\/p>\n<p>Des de la Fundaci\u00f3 creiem que la cultura \u00e9s imprescindible i innegable, per aix\u00f2 ens adherim a la iniciativa Actua Cultura 2%, una necessitat i una oportunitat \u00fanica per a la societat i la cultura a Catalunya.<\/p>\n<p>&nbsp;<\/p>\n<p>Imatge: Els cinc portaveus d&#8217;Actua Cultura (Mar Vila)<\/p>\n","protected":false},"excerpt":{"rendered":"<p>La Fundaci\u00f3 Llu\u00eds Coromina se suma a la iniciativa de la nova plataforma Actua Cultura, formada per la gran majoria &#8230;<\/p>\n","protected":false},"author":2,"featured_media":4275,"comment_status":"open","ping_status":"open","sticky":false,"template":"","format":"standard","meta":{"footnotes":""},"categories":[10,12],"tags":[],"class_list":["post-4274","post","type-post","status-publish","format-standard","has-post-thumbnail","hentry","category-activitats","category-publicacions"],"_links":{"self":[{"href":"http:\/\/fundaciolluiscoromina.org\/index.php\/wp-json\/wp\/v2\/posts\/4274","targetHints":{"allow":["GET"]}}],"collection":[{"href":"http:\/\/fundaciolluiscoromina.org\/index.php\/wp-json\/wp\/v2\/posts"}],"about":[{"href":"http:\/\/fundaciolluiscoromina.org\/index.php\/wp-json\/wp\/v2\/types\/post"}],"author":[{"embeddable":true,"href":"http:\/\/fundaciolluiscoromina.org\/index.php\/wp-json\/wp\/v2\/users\/2"}],"replies":[{"embeddable":true,"href":"http:\/\/fundaciolluiscoromina.org\/index.php\/wp-json\/wp\/v2\/comments?post=4274"}],"version-history":[{"count":0,"href":"http:\/\/fundaciolluiscoromina.org\/index.php\/wp-json\/wp\/v2\/posts\/4274\/revisions"}],"wp:attachment":[{"href":"http:\/\/fundaciolluiscoromina.org\/index.php\/wp-json\/wp\/v2\/media?parent=4274"}],"wp:term":[{"taxonomy":"category","embeddable":true,"href":"http:\/\/fundaciolluiscoromina.org\/index.php\/wp-json\/wp\/v2\/categories?post=4274"},{"taxonomy":"post_tag","embeddable":true,"href":"http:\/\/fundaciolluiscoromina.org\/index.php\/wp-json\/wp\/v2\/tags?post=4274"}],"curies":[{"name":"wp","href":"https:\/\/api.w.org\/{rel}","templated":true}]}}