{"id":4281,"date":"2019-12-23T16:45:40","date_gmt":"2019-12-23T15:45:40","guid":{"rendered":"http:\/\/www.fundaciolluiscoromina.org\/?p=4281"},"modified":"2019-12-23T16:45:40","modified_gmt":"2019-12-23T15:45:40","slug":"el-dinar-de-nadal-a-la-fundacio","status":"publish","type":"post","link":"http:\/\/fundaciolluiscoromina.org\/index.php\/2019\/12\/23\/el-dinar-de-nadal-a-la-fundacio\/","title":{"rendered":"Inauguraci\u00f3 de l&#8217;Espai Josep Ponsat\u00ed al Puntal &#8211; Laboratori de les Arts"},"content":{"rendered":"<p><span style=\"color: #000000;\">La Fundaci\u00f3 Llu\u00eds Coromina ha celebrat, un any m\u00e9s, la trobada de Nadal, una ocasi\u00f3 per intercanviar experi\u00e8ncies entre membres de la Fundaci\u00f3, artistes, entitats i amics. Enguany, a m\u00e9s, s&#8217;ha inaugurat l\u2019Espai Josep Ponsat\u00ed al Puntal \u2013 Laboratori de les Arts, una nova sala que acollir\u00e0 exposicions, instal\u00b7lacions i mostres art\u00edstiques diverses. Un nou espai multifuncional que esdev\u00e9 un homenatge a Josep Ponsat\u00ed, artista banyol\u00ed amb una llarga traject\u00f2ria art\u00edstica que tamb\u00e9 ha estat present a la trobada, acompanyat de l\u2019arquitecte i vocal de cultura del Club Nataci\u00f3 Banyoles Antoni Bramon.<\/span><\/p>\n<p><span style=\"color: #000000;\">Despr\u00e9s del dinar, els assistents han visitat l\u2019exposici\u00f3 \u2018L\u2019Arbre de la menja a Xel\u2022listan\u2019 de la m\u00e0 del seu autor, l\u2019artista Marcel\u2022l\u00ed Ant\u00fanez, a l\u2019Espai Eat Art de Banyoles.<\/span><\/p>\n<p><img loading=\"lazy\" decoding=\"async\" class=\"alignnone size-medium wp-image-4286\" src=\"http:\/\/www.fundaciolluiscoromina.org\/wp-content\/uploads\/2020\/01\/b7e8201d-7904-4149-8d98-5141e3a0c9ff-300x200.jpg\" alt=\"\" width=\"300\" height=\"200\" \/><\/p>\n<p><a href=\"http:\/\/www.fundaciolluiscoromina.org\/wp-content\/uploads\/2020\/01\/339d7945-c3f8-45db-a275-d156d7dc0220.jpg\"><img loading=\"lazy\" decoding=\"async\" class=\"alignnone wp-image-4284 size-medium\" src=\"http:\/\/www.fundaciolluiscoromina.org\/wp-content\/uploads\/2020\/01\/339d7945-c3f8-45db-a275-d156d7dc0220-300x200.jpg\" alt=\"\" width=\"300\" height=\"200\" \/><\/a><\/p>\n<p><a href=\"http:\/\/www.fundaciolluiscoromina.org\/wp-content\/uploads\/2019\/12\/f8724f15-6713-4fa2-b8bf-e10939b5544c.jpg\"><img loading=\"lazy\" decoding=\"async\" class=\"alignnone size-medium wp-image-4296\" src=\"http:\/\/www.fundaciolluiscoromina.org\/wp-content\/uploads\/2019\/12\/f8724f15-6713-4fa2-b8bf-e10939b5544c-300x200.jpg\" alt=\"\" width=\"300\" height=\"200\" \/><\/a><\/p>\n<p><img loading=\"lazy\" decoding=\"async\" class=\"alignleft wp-image-4283 size-medium\" src=\"http:\/\/www.fundaciolluiscoromina.org\/wp-content\/uploads\/2020\/01\/dc4af90f-6edf-46c8-bf28-d7fde9cadea3-300x200.jpg\" alt=\"\" width=\"300\" height=\"200\" \/><\/p>\n<p>&nbsp;<\/p>\n<p>&nbsp;<\/p>\n<p>&nbsp;<\/p>\n<p>&nbsp;<\/p>\n<p>&nbsp;<\/p>\n<p>&nbsp;<\/p>\n<p>&nbsp;<\/p>\n<p><a href=\"http:\/\/www.fundaciolluiscoromina.org\/wp-content\/uploads\/2020\/01\/77f89663-b7b3-40c1-a962-93491a2ec6b9.jpg\"><img loading=\"lazy\" decoding=\"async\" class=\"alignnone size-medium wp-image-4287\" src=\"http:\/\/www.fundaciolluiscoromina.org\/wp-content\/uploads\/2020\/01\/77f89663-b7b3-40c1-a962-93491a2ec6b9-300x225.jpg\" alt=\"\" width=\"300\" height=\"225\" \/><\/a><\/p>\n","protected":false},"excerpt":{"rendered":"<p>La Fundaci\u00f3 Llu\u00eds Coromina ha celebrat, un any m\u00e9s, la trobada de Nadal, una ocasi\u00f3 per intercanviar experi\u00e8ncies entre membres &#8230;<\/p>\n","protected":false},"author":2,"featured_media":4285,"comment_status":"open","ping_status":"open","sticky":false,"template":"","format":"standard","meta":{"footnotes":""},"categories":[15,13,12],"tags":[],"class_list":["post-4281","post","type-post","status-publish","format-standard","has-post-thumbnail","hentry","category-accions-socials","category-exposicions-puntal-lab","category-publicacions"],"_links":{"self":[{"href":"http:\/\/fundaciolluiscoromina.org\/index.php\/wp-json\/wp\/v2\/posts\/4281","targetHints":{"allow":["GET"]}}],"collection":[{"href":"http:\/\/fundaciolluiscoromina.org\/index.php\/wp-json\/wp\/v2\/posts"}],"about":[{"href":"http:\/\/fundaciolluiscoromina.org\/index.php\/wp-json\/wp\/v2\/types\/post"}],"author":[{"embeddable":true,"href":"http:\/\/fundaciolluiscoromina.org\/index.php\/wp-json\/wp\/v2\/users\/2"}],"replies":[{"embeddable":true,"href":"http:\/\/fundaciolluiscoromina.org\/index.php\/wp-json\/wp\/v2\/comments?post=4281"}],"version-history":[{"count":0,"href":"http:\/\/fundaciolluiscoromina.org\/index.php\/wp-json\/wp\/v2\/posts\/4281\/revisions"}],"wp:attachment":[{"href":"http:\/\/fundaciolluiscoromina.org\/index.php\/wp-json\/wp\/v2\/media?parent=4281"}],"wp:term":[{"taxonomy":"category","embeddable":true,"href":"http:\/\/fundaciolluiscoromina.org\/index.php\/wp-json\/wp\/v2\/categories?post=4281"},{"taxonomy":"post_tag","embeddable":true,"href":"http:\/\/fundaciolluiscoromina.org\/index.php\/wp-json\/wp\/v2\/tags?post=4281"}],"curies":[{"name":"wp","href":"https:\/\/api.w.org\/{rel}","templated":true}]}}