{"id":4282,"date":"2020-01-16T12:39:50","date_gmt":"2020-01-16T11:39:50","guid":{"rendered":"http:\/\/www.fundaciolluiscoromina.org\/?p=4282"},"modified":"2020-01-16T12:39:50","modified_gmt":"2020-01-16T11:39:50","slug":"la-fundacio-collabora-en-el-xviii-memorial-del-rpm-slot-de-salt","status":"publish","type":"post","link":"http:\/\/fundaciolluiscoromina.org\/index.php\/2020\/01\/16\/la-fundacio-collabora-en-el-xviii-memorial-del-rpm-slot-de-salt\/","title":{"rendered":"La fundaci\u00f3 continua apostant per l&#8217;educaci\u00f3 i la mobilitat el\u00e8ctrica donant suport al Memorial Infantil d&#8217;Slot XMD de Salt"},"content":{"rendered":"<p>La Fundaci\u00f3 Llu\u00eds Coromina, dins la seva l\u00ednia de suport a l&#8217;\u00e0mbit educatiu i de mobilitat el\u00e8ctrica -actualment co-gestiona l&#8217;espai Garage amb Banyoles Slot- col.labora enguany amb el Memorial XMD. Aquest esdeveniment,\u00a0un dels campionats de l&#8217;slot m\u00e9s importants de les comarques gironines i que organitza el club RPM Slot, t\u00e9 com a col\u00b7laborador principal l&#8217;Ajuntament de Salt. Els circuits, quasi dos-cents metres quadrats de pistes, s\u00f3n una recreaci\u00f3 dels ral\u00b7lis a la neu i per aconseguir aquesta sensaci\u00f3 s&#8217;empra la farina. En aquesta edici\u00f3 Farinera Coromina, una empresa vinculada a la fundaci\u00f3, ha fet donaci\u00f3 d&#8217;aquest component.<\/p>\n<p>El memorial es dur\u00e0 a terme\u00a0a la Sala Polivalent n\u00fam. 10 de les Naus Guixeres de la Coma Cros de Salt. El diumenge 26 de gener a partir de les 16:30 h es dura a terme el Memorial infantil, una oportunitat perqu\u00e8 els m\u00e9s petits puguin gaudir d&#8217;aquest esport en una competici\u00f3 feta a mida. Mentre el divendres 24 i dissabte 25 de gener comptar\u00e0 amb dues etapes classificat\u00f2ries i la final, que tindr\u00e0 lloc el mateix dissabte 25 a partir de les 15:30 h. M\u00e9s Informaci\u00f3: <a href=\"https:\/\/www.rpmslotsalt.com\">www.rpm.cat<\/a><\/p>\n<p>&nbsp;<\/p>\n<p><em>A la fotografia, un nen observant els cotxes de competici\u00f3. A la imatge del costat, l&#8217;alcalde de Salt, Jordi Vi\u00f1as, i el regidor de la poblaci\u00f3, Toni Vidal, provant alguns dels cotxes.<\/em><\/p>\n<p>&nbsp;<\/p>\n<p><a href=\"http:\/\/www.fundaciolluiscoromina.org\/wp-content\/uploads\/2020\/01\/IMG_9570-e1579727592954.jpg\"><img loading=\"lazy\" decoding=\"async\" class=\"alignnone size-medium wp-image-4318\" src=\"http:\/\/www.fundaciolluiscoromina.org\/wp-content\/uploads\/2020\/01\/IMG_9570-e1579727592954-225x300.jpg\" alt=\"\" width=\"225\" height=\"300\" \/><\/a><a style=\"caret-color: #0000ee;\" href=\"http:\/\/www.fundaciolluiscoromina.org\/wp-content\/uploads\/2020\/01\/IMG_9579-e1579727532118.jpg\"><img loading=\"lazy\" decoding=\"async\" class=\"alignnone size-medium wp-image-4317\" src=\"http:\/\/www.fundaciolluiscoromina.org\/wp-content\/uploads\/2020\/01\/IMG_9579-e1579727532118-225x300.jpg\" alt=\"\" width=\"225\" height=\"300\" \/><\/a><\/p>\n<p><a href=\"http:\/\/www.fundaciolluiscoromina.org\/wp-content\/uploads\/2020\/01\/6e1d0345-1da1-4b92-9a58-8496e4e8a42a.jpg\"><img loading=\"lazy\" decoding=\"async\" class=\"alignnone size-medium wp-image-4303\" src=\"http:\/\/www.fundaciolluiscoromina.org\/wp-content\/uploads\/2020\/01\/6e1d0345-1da1-4b92-9a58-8496e4e8a42a-212x300.jpg\" alt=\"\" width=\"212\" height=\"300\" \/><\/a><a href=\"http:\/\/www.fundaciolluiscoromina.org\/wp-content\/uploads\/2020\/01\/6d307476-af40-4118-9057-d07c2bf9bfd5.jpg\"><img loading=\"lazy\" decoding=\"async\" class=\"alignnone size-medium wp-image-4302\" src=\"http:\/\/www.fundaciolluiscoromina.org\/wp-content\/uploads\/2020\/01\/6d307476-af40-4118-9057-d07c2bf9bfd5-212x300.jpg\" alt=\"\" width=\"212\" height=\"300\" \/><\/a><\/p>\n","protected":false},"excerpt":{"rendered":"<p>La Fundaci\u00f3 Llu\u00eds Coromina, dins la seva l\u00ednia de suport a l&#8217;\u00e0mbit educatiu i de mobilitat el\u00e8ctrica -actualment co-gestiona l&#8217;espai &#8230;<\/p>\n","protected":false},"author":2,"featured_media":4316,"comment_status":"open","ping_status":"open","sticky":false,"template":"","format":"standard","meta":{"footnotes":""},"categories":[15,10,227,9,12],"tags":[],"class_list":["post-4282","post","type-post","status-publish","format-standard","has-post-thumbnail","hentry","category-accions-socials","category-activitats","category-exposicions-garage","category-historic","category-publicacions"],"_links":{"self":[{"href":"http:\/\/fundaciolluiscoromina.org\/index.php\/wp-json\/wp\/v2\/posts\/4282","targetHints":{"allow":["GET"]}}],"collection":[{"href":"http:\/\/fundaciolluiscoromina.org\/index.php\/wp-json\/wp\/v2\/posts"}],"about":[{"href":"http:\/\/fundaciolluiscoromina.org\/index.php\/wp-json\/wp\/v2\/types\/post"}],"author":[{"embeddable":true,"href":"http:\/\/fundaciolluiscoromina.org\/index.php\/wp-json\/wp\/v2\/users\/2"}],"replies":[{"embeddable":true,"href":"http:\/\/fundaciolluiscoromina.org\/index.php\/wp-json\/wp\/v2\/comments?post=4282"}],"version-history":[{"count":0,"href":"http:\/\/fundaciolluiscoromina.org\/index.php\/wp-json\/wp\/v2\/posts\/4282\/revisions"}],"wp:attachment":[{"href":"http:\/\/fundaciolluiscoromina.org\/index.php\/wp-json\/wp\/v2\/media?parent=4282"}],"wp:term":[{"taxonomy":"category","embeddable":true,"href":"http:\/\/fundaciolluiscoromina.org\/index.php\/wp-json\/wp\/v2\/categories?post=4282"},{"taxonomy":"post_tag","embeddable":true,"href":"http:\/\/fundaciolluiscoromina.org\/index.php\/wp-json\/wp\/v2\/tags?post=4282"}],"curies":[{"name":"wp","href":"https:\/\/api.w.org\/{rel}","templated":true}]}}