{"id":4328,"date":"2020-01-30T14:41:42","date_gmt":"2020-01-30T13:41:42","guid":{"rendered":"http:\/\/www.fundaciolluiscoromina.org\/?p=4328"},"modified":"2020-01-30T14:41:42","modified_gmt":"2020-01-30T13:41:42","slug":"visita-de-lassociacio-de-comerciants-del-mercat-de-la-boqueria","status":"publish","type":"post","link":"http:\/\/fundaciolluiscoromina.org\/index.php\/2020\/01\/30\/visita-de-lassociacio-de-comerciants-del-mercat-de-la-boqueria\/","title":{"rendered":"Visita de l&#8217;Associaci\u00f3 de Comerciants del Mercat de La Boqueria"},"content":{"rendered":"<p>La Fundaci\u00f3 Llu\u00eds Coromina col\u00b7labora enguany en el 180\u00e8 aniversari de l\u2019<a href=\"http:\/\/www.boqueria.barcelona\/asociacio-comerciants\">Associaci\u00f3 de Comerciants del Mercat de la Boqueria.<\/a>\u00a0El president de l\u2019associaci\u00f3 Salvador Capdevila, acompanyat del responsable gerent \u00d3scar Ubide, el responsable de comunicaci\u00f3 Albert Hortas i el fot\u00f2graf Francesc Guillamet, han visitat l\u2019Espai Eat Art i el Puntal-Laboratori de les Art en motiu d\u2019aquesta col\u00b7laboraci\u00f3.<\/p>\n<p><a href=\"http:\/\/www.fundaciolluiscoromina.org\/wp-content\/uploads\/2020\/01\/20200129_120831.jpg\"><img loading=\"lazy\" decoding=\"async\" class=\"alignnone size-medium wp-image-4329\" src=\"http:\/\/www.fundaciolluiscoromina.org\/wp-content\/uploads\/2020\/01\/20200129_120831-300x225.jpg\" alt=\"\" width=\"300\" height=\"225\" \/><\/a><a href=\"http:\/\/www.fundaciolluiscoromina.org\/wp-content\/uploads\/2020\/01\/IMG-20200130-WA0008.jpg\"><img loading=\"lazy\" decoding=\"async\" class=\"alignnone size-medium wp-image-4330\" src=\"http:\/\/www.fundaciolluiscoromina.org\/wp-content\/uploads\/2020\/01\/IMG-20200130-WA0008-300x225.jpg\" alt=\"\" width=\"300\" height=\"225\" \/><\/a><\/p>\n","protected":false},"excerpt":{"rendered":"<p>La Fundaci\u00f3 Llu\u00eds Coromina col\u00b7labora enguany en el 180\u00e8 aniversari de l\u2019Associaci\u00f3 de Comerciants del Mercat de la Boqueria.\u00a0El president &#8230;<\/p>\n","protected":false},"author":2,"featured_media":4334,"comment_status":"open","ping_status":"open","sticky":false,"template":"","format":"standard","meta":{"footnotes":""},"categories":[15,12],"tags":[],"class_list":["post-4328","post","type-post","status-publish","format-standard","has-post-thumbnail","hentry","category-accions-socials","category-publicacions"],"_links":{"self":[{"href":"http:\/\/fundaciolluiscoromina.org\/index.php\/wp-json\/wp\/v2\/posts\/4328","targetHints":{"allow":["GET"]}}],"collection":[{"href":"http:\/\/fundaciolluiscoromina.org\/index.php\/wp-json\/wp\/v2\/posts"}],"about":[{"href":"http:\/\/fundaciolluiscoromina.org\/index.php\/wp-json\/wp\/v2\/types\/post"}],"author":[{"embeddable":true,"href":"http:\/\/fundaciolluiscoromina.org\/index.php\/wp-json\/wp\/v2\/users\/2"}],"replies":[{"embeddable":true,"href":"http:\/\/fundaciolluiscoromina.org\/index.php\/wp-json\/wp\/v2\/comments?post=4328"}],"version-history":[{"count":0,"href":"http:\/\/fundaciolluiscoromina.org\/index.php\/wp-json\/wp\/v2\/posts\/4328\/revisions"}],"wp:attachment":[{"href":"http:\/\/fundaciolluiscoromina.org\/index.php\/wp-json\/wp\/v2\/media?parent=4328"}],"wp:term":[{"taxonomy":"category","embeddable":true,"href":"http:\/\/fundaciolluiscoromina.org\/index.php\/wp-json\/wp\/v2\/categories?post=4328"},{"taxonomy":"post_tag","embeddable":true,"href":"http:\/\/fundaciolluiscoromina.org\/index.php\/wp-json\/wp\/v2\/tags?post=4328"}],"curies":[{"name":"wp","href":"https:\/\/api.w.org\/{rel}","templated":true}]}}