{"id":4342,"date":"2020-02-20T10:51:30","date_gmt":"2020-02-20T09:51:30","guid":{"rendered":"http:\/\/www.fundaciolluiscoromina.org\/?p=4342"},"modified":"2020-02-20T10:51:30","modified_gmt":"2020-02-20T09:51:30","slug":"conferencia-sobre-lluis-vila-al-cicle-cinc-centims-de-creacio-local","status":"publish","type":"post","link":"http:\/\/fundaciolluiscoromina.org\/index.php\/2020\/02\/20\/conferencia-sobre-lluis-vila-al-cicle-cinc-centims-de-creacio-local\/","title":{"rendered":"Confer\u00e8ncia sobre Llu\u00eds Vil\u00e0 al cicle \u201cCinc c\u00e8ntims de creaci\u00f3 local\u201d"},"content":{"rendered":"<p>L\u2019Ateneu Bar de Banyoles acull la tercera confer\u00e8ncia del cicle \u201cCinc c\u00e8ntims de creaci\u00f3 local\u201d aquest dijous 20 de febrer a les 8 del vespre. El fot\u00f2graf Joan de la Parra i la professora d\u2019Art Contemporani a la Universitat de Girona (UdG) Llu\u00efsa Faxedas parlaran del pintor, escultor i dissenyador Llu\u00eds Vil\u00e0, coincidint amb el 10\u00e8 aniversari de la seva mort.<\/p>\n<p>El cicle \u201cCinc c\u00e8ntims de creaci\u00f3 local\u201d, \u00e9s una proposta de la Biblioteca de Banyoles i el Centre d\u2019Estudis Comarcals de Banyoles per donar a con\u00e8ixer i reivindicar la producci\u00f3 cultural de la comarca del Pla de l\u2019Estany en diferents \u00e0mbits. Aquest any, el prop\u00f2sit del cicle \u00e9s donar a con\u00e8ixer pintors i artistes a partir de converses entre persones coneixedores de la seva tasca, sigui per la seva formaci\u00f3, o pels seus vincles personals, professionals o familiars.<\/p>\n<p>La conversa tindr\u00e0 lloc a l\u2019Ateneu Bar i ser\u00e0 moderada per la periodista B\u00e0rbara Julbe.<\/p>\n","protected":false},"excerpt":{"rendered":"<p>L\u2019Ateneu Bar de Banyoles acull la tercera confer\u00e8ncia del cicle \u201cCinc c\u00e8ntims de creaci\u00f3 local\u201d aquest dijous 20 de febrer &#8230;<\/p>\n","protected":false},"author":2,"featured_media":4341,"comment_status":"open","ping_status":"open","sticky":false,"template":"","format":"standard","meta":{"footnotes":""},"categories":[14,15,10,9,12],"tags":[],"class_list":["post-4342","post","type-post","status-publish","format-standard","has-post-thumbnail","hentry","category-accions-culturals","category-accions-socials","category-activitats","category-historic","category-publicacions"],"_links":{"self":[{"href":"http:\/\/fundaciolluiscoromina.org\/index.php\/wp-json\/wp\/v2\/posts\/4342","targetHints":{"allow":["GET"]}}],"collection":[{"href":"http:\/\/fundaciolluiscoromina.org\/index.php\/wp-json\/wp\/v2\/posts"}],"about":[{"href":"http:\/\/fundaciolluiscoromina.org\/index.php\/wp-json\/wp\/v2\/types\/post"}],"author":[{"embeddable":true,"href":"http:\/\/fundaciolluiscoromina.org\/index.php\/wp-json\/wp\/v2\/users\/2"}],"replies":[{"embeddable":true,"href":"http:\/\/fundaciolluiscoromina.org\/index.php\/wp-json\/wp\/v2\/comments?post=4342"}],"version-history":[{"count":0,"href":"http:\/\/fundaciolluiscoromina.org\/index.php\/wp-json\/wp\/v2\/posts\/4342\/revisions"}],"wp:attachment":[{"href":"http:\/\/fundaciolluiscoromina.org\/index.php\/wp-json\/wp\/v2\/media?parent=4342"}],"wp:term":[{"taxonomy":"category","embeddable":true,"href":"http:\/\/fundaciolluiscoromina.org\/index.php\/wp-json\/wp\/v2\/categories?post=4342"},{"taxonomy":"post_tag","embeddable":true,"href":"http:\/\/fundaciolluiscoromina.org\/index.php\/wp-json\/wp\/v2\/tags?post=4342"}],"curies":[{"name":"wp","href":"https:\/\/api.w.org\/{rel}","templated":true}]}}