{"id":4361,"date":"2020-03-10T10:10:12","date_gmt":"2020-03-10T09:10:12","guid":{"rendered":"http:\/\/www.fundaciolluiscoromina.org\/?p=4361"},"modified":"2020-03-10T10:10:12","modified_gmt":"2020-03-10T09:10:12","slug":"nova-etapa-de-la-biennal-dart-contemporani-catala","status":"publish","type":"post","link":"http:\/\/fundaciolluiscoromina.org\/index.php\/2020\/03\/10\/nova-etapa-de-la-biennal-dart-contemporani-catala\/","title":{"rendered":"Nova etapa de La Biennal d\u2019Art Contemporani Catal\u00e0"},"content":{"rendered":"<p><span lang=\"CA\">La Biennal d\u2019Art Contemporani Catal\u00e0 empr\u00e8n una nova etapa de la m\u00e0 de Canals Galeria d\u2019Art i bonart cultural, que signen un acord de col\u00b7laboraci\u00f3 per donar continu\u00eftat <\/span><span lang=\"CA\">a aquesta plataforma catalana dedicada als nous creadors des del 1977. <\/span><\/p>\n<p><span lang=\"CA\">L\u2019edici\u00f3 2020 de la Biennal ser\u00e0 una edici\u00f3 itinerant per Catalunya i l\u2019organitzar\u00e0 i dirigir\u00e0 conjuntament Canals Galeria d\u2019Art i bonart cultural. <\/span><\/p>\n<p><span lang=\"CA\">Els organitzadors han decidit que la nova edici\u00f3 ser\u00e0 un resum de la tasca que Canals Galeria d\u2019Art ha fet al llarg dels 43 anys d\u2019activitat. Es convidar\u00e0 a tots els participants, ja siguin artistes com membres del jurat, perqu\u00e8 se sumin en aquesta mostra col\u00b7lectiva que posa en relleu l\u2019evoluci\u00f3 de l\u2019art contemporani a casa nostra.\u00a0L\u2019exposici\u00f3 tractar\u00e0 tamb\u00e9 dels vint anys de bonart cultural, nascuda a Girona, i com les dues empreses van comen\u00e7ar a col\u00b7laborar des de l\u2019inici de la publicaci\u00f3.<\/span><span lang=\"CA\">\u00a0<\/span><\/p>\n<p><span lang=\"CA\">Aquesta nova etapa, que compta amb el suport de diferents institucions p\u00fabliques i privades, s\u2019inaugurar\u00e0 el mes de setembre, a l\u2019espai Isern Dalmau de la Fundaci\u00f3 Llu\u00eds Coromina a Barcelona. Posteriorment, realitzar\u00e0 un itinerari per Catalunya, fins a l\u2019agost del 2021, que finalitzar\u00e0 a la ciutat de Tarragona. <\/span><\/p>\n","protected":false},"excerpt":{"rendered":"<p>La Biennal d\u2019Art Contemporani Catal\u00e0 empr\u00e8n una nova etapa de la m\u00e0 de Canals Galeria d\u2019Art i bonart cultural, que &#8230;<\/p>\n","protected":false},"author":2,"featured_media":4362,"comment_status":"open","ping_status":"open","sticky":false,"template":"","format":"standard","meta":{"footnotes":""},"categories":[14],"tags":[],"class_list":["post-4361","post","type-post","status-publish","format-standard","has-post-thumbnail","hentry","category-accions-culturals"],"_links":{"self":[{"href":"http:\/\/fundaciolluiscoromina.org\/index.php\/wp-json\/wp\/v2\/posts\/4361","targetHints":{"allow":["GET"]}}],"collection":[{"href":"http:\/\/fundaciolluiscoromina.org\/index.php\/wp-json\/wp\/v2\/posts"}],"about":[{"href":"http:\/\/fundaciolluiscoromina.org\/index.php\/wp-json\/wp\/v2\/types\/post"}],"author":[{"embeddable":true,"href":"http:\/\/fundaciolluiscoromina.org\/index.php\/wp-json\/wp\/v2\/users\/2"}],"replies":[{"embeddable":true,"href":"http:\/\/fundaciolluiscoromina.org\/index.php\/wp-json\/wp\/v2\/comments?post=4361"}],"version-history":[{"count":0,"href":"http:\/\/fundaciolluiscoromina.org\/index.php\/wp-json\/wp\/v2\/posts\/4361\/revisions"}],"wp:attachment":[{"href":"http:\/\/fundaciolluiscoromina.org\/index.php\/wp-json\/wp\/v2\/media?parent=4361"}],"wp:term":[{"taxonomy":"category","embeddable":true,"href":"http:\/\/fundaciolluiscoromina.org\/index.php\/wp-json\/wp\/v2\/categories?post=4361"},{"taxonomy":"post_tag","embeddable":true,"href":"http:\/\/fundaciolluiscoromina.org\/index.php\/wp-json\/wp\/v2\/tags?post=4361"}],"curies":[{"name":"wp","href":"https:\/\/api.w.org\/{rel}","templated":true}]}}