{"id":4368,"date":"2020-03-12T13:30:08","date_gmt":"2020-03-12T12:30:08","guid":{"rendered":"http:\/\/www.fundaciolluiscoromina.org\/?p=4368"},"modified":"2020-03-12T13:30:08","modified_gmt":"2020-03-12T12:30:08","slug":"es-presenten-els-actes-de-commemoracio-del-centenari-de-teisa","status":"publish","type":"post","link":"http:\/\/fundaciolluiscoromina.org\/index.php\/2020\/03\/12\/es-presenten-els-actes-de-commemoracio-del-centenari-de-teisa\/","title":{"rendered":"Es presenten els actes de commemoraci\u00f3 del centenari de TEISA"},"content":{"rendered":"<p>L\u2019empresa de Transports El\u00e8ctrics Interurbans S.A. (TEISA) celebra els cent anys d\u2019hist\u00f2ria i presenta una quinzena d\u2019activitats que es duran a terme al llarg de tot l\u2019any 2020 i el primer trimestre del 2021. La Fundaci\u00f3 Llu\u00eds Coromina s&#8217;encarrega de la coordinaci\u00f3 de les activitats de commemoraci\u00f3 de l&#8217;efem\u00e8ride, que s&#8217;han donat a con\u00e8ixer avui a l\u2019Slot Garage de Banyoles en un acte que ha comptat amb la pres\u00e8ncia del president de la Diputaci\u00f3 de Girona Miquel Noguer, el president de TEISA Llu\u00eds Coromina, el gerent \u00c0lex Gilabert i el coordinador del centenari Ricard Planas. Durant l\u2019acte, s\u2019ha detallat el programa d\u2019activitats del centenari i tamb\u00e9 s\u2019ha presentat una r\u00e8plica d\u2019un autob\u00fas de TEISA dels anys 20 per al circuit d\u2019Scalextric, creada especialment per a l\u2019ocasi\u00f3.<\/p>\n<p>L&#8217;aniversari es commemora amb una quinzena d&#8217;activitats culturals que tindran lloc durant tot un any i que comptaran amb la col\u00b7laboraci\u00f3 de diverses entitats, col\u00b7lectius i artistes vinculats a les comarques gironines. La primeran acci\u00f3 ser\u00e0 a la Volta Ciclista Catalunya, amb pres\u00e8ncia de TEISA al punt d\u2019arribada a l\u2019etapa de Banyoles, la qual anir\u00e0 seguida d&#8217;altres propostes com la presentaci\u00f3 d&#8217;un llibre sobre el centenari, en qu\u00e8 hi participen diversos artistes com Francesc Guillamet, Albert Serra o cabosanroque, entre d\u2019altres. Una altra producci\u00f3 per commemorar els cent anys d&#8217;hist\u00f2ria \u00e9s l\u2019estrena de l\u2019espectacle <em>Ll\u00e0grimes de sirena<\/em> de Cor de Teatre, que versa sobre l\u2019emerg\u00e8ncia clim\u00e0tica, i tamb\u00e9 s\u2019ha programat una col\u00b7laboraci\u00f3 amb l\u2019artista Marcel\u00b7l\u00ed Ant\u00fanez durant l\u2019exposici\u00f3 <em>Girona Temps de Flors;\u00a0<\/em>dues jornades castelleres amb Marrecs de Salt; activitats escolars a l\u2019espai Garage Slot de Banyoles; una activitat en col\u00b7laboraci\u00f3 amb la dissetena edici\u00f3 de l\u2019(a)ph\u00f2nica, Festival de la Veu de Banyoles; la participaci\u00f3 en la tercera edici\u00f3 del Gran Premi FIE o una col\u00b7laboraci\u00f3 amb la Marat\u00f3 de TV3, entre moltes altres activitats. La programaci\u00f3 del centenari es clour\u00e0 amb una exposici\u00f3 dels 100 anys de TEISA a l&#8217;Espai Isern Dalmau de la Fundaci\u00f3 Llu\u00eds Coromina a Barcelona, una mostra a c\u00e0rrec dels diversos artistes que han col\u00b7laborat en el centenari com cabosanroque, Yurian Quintanas, Albert Serra, Francesc Guillamet,Esteve Mart\u00ednez, i el col\u00b7lectiu d\u2019Artsites Outsiders de la Fundaci\u00f3 Estany, entre d\u2019altres. Aix\u00ed mateix, es presentar\u00e0 l\u2019escultura del centenari, realitzada per l\u2019artista Josep Ponsat\u00ed. La mostra s\u2019inaugurar\u00e0 el 13 de mar\u00e7 del 2021.<\/p>\n<p><a href=\"http:\/\/www.fundaciolluiscoromina.org\/wp-content\/uploads\/2020\/03\/Pre-Centen\u00e0ri-Teisa-P6.jpg\"><img loading=\"lazy\" decoding=\"async\" class=\"size-medium wp-image-4371\" src=\"http:\/\/www.fundaciolluiscoromina.org\/wp-content\/uploads\/2020\/03\/Pre-Centen\u00e0ri-Teisa-P6-300x200.jpg\" alt=\"\" width=\"300\" height=\"200\" \/><\/a><\/p>\n<p><a href=\"http:\/\/www.fundaciolluiscoromina.org\/wp-content\/uploads\/2020\/03\/Pre-Centen\u00e0ri-Teisa-P8.jpg\"><img loading=\"lazy\" decoding=\"async\" class=\"size-medium wp-image-4372\" src=\"http:\/\/www.fundaciolluiscoromina.org\/wp-content\/uploads\/2020\/03\/Pre-Centen\u00e0ri-Teisa-P8-300x200.jpg\" alt=\"\" width=\"300\" height=\"200\" \/><\/a><\/p>\n<p><a href=\"http:\/\/www.fundaciolluiscoromina.org\/wp-content\/uploads\/2020\/03\/Pre-Centen\u00e0ri-Teisa-P2.jpg\"><img loading=\"lazy\" decoding=\"async\" class=\"wp-image-4376 size-medium\" src=\"http:\/\/www.fundaciolluiscoromina.org\/wp-content\/uploads\/2020\/03\/Pre-Centen\u00e0ri-Teisa-P2-300x200.jpg\" alt=\"\" width=\"300\" height=\"200\" \/><\/a><\/p>\n<div id=\"attachment_4379\" style=\"width: 310px\" class=\"wp-caption alignnone\"><a href=\"http:\/\/www.fundaciolluiscoromina.org\/wp-content\/uploads\/2020\/03\/Pre-Centen\u00e0ri-Teisa-P3.jpg\"><img loading=\"lazy\" decoding=\"async\" aria-describedby=\"caption-attachment-4379\" class=\"size-medium wp-image-4379\" src=\"http:\/\/www.fundaciolluiscoromina.org\/wp-content\/uploads\/2020\/03\/Pre-Centen\u00e0ri-Teisa-P3-300x200.jpg\" alt=\"\" width=\"300\" height=\"200\" \/><\/a><p id=\"caption-attachment-4379\" class=\"wp-caption-text\">Imatges de Pere Duran \/ Nord Media<\/p><\/div>\n","protected":false},"excerpt":{"rendered":"<p>L\u2019empresa de Transports El\u00e8ctrics Interurbans S.A. (TEISA) celebra els cent anys d\u2019hist\u00f2ria i presenta una quinzena d\u2019activitats que es duran &#8230;<\/p>\n","protected":false},"author":2,"featured_media":4375,"comment_status":"open","ping_status":"open","sticky":false,"template":"","format":"standard","meta":{"footnotes":""},"categories":[10,227,9,12],"tags":[],"class_list":["post-4368","post","type-post","status-publish","format-standard","has-post-thumbnail","hentry","category-activitats","category-exposicions-garage","category-historic","category-publicacions"],"_links":{"self":[{"href":"http:\/\/fundaciolluiscoromina.org\/index.php\/wp-json\/wp\/v2\/posts\/4368","targetHints":{"allow":["GET"]}}],"collection":[{"href":"http:\/\/fundaciolluiscoromina.org\/index.php\/wp-json\/wp\/v2\/posts"}],"about":[{"href":"http:\/\/fundaciolluiscoromina.org\/index.php\/wp-json\/wp\/v2\/types\/post"}],"author":[{"embeddable":true,"href":"http:\/\/fundaciolluiscoromina.org\/index.php\/wp-json\/wp\/v2\/users\/2"}],"replies":[{"embeddable":true,"href":"http:\/\/fundaciolluiscoromina.org\/index.php\/wp-json\/wp\/v2\/comments?post=4368"}],"version-history":[{"count":0,"href":"http:\/\/fundaciolluiscoromina.org\/index.php\/wp-json\/wp\/v2\/posts\/4368\/revisions"}],"wp:attachment":[{"href":"http:\/\/fundaciolluiscoromina.org\/index.php\/wp-json\/wp\/v2\/media?parent=4368"}],"wp:term":[{"taxonomy":"category","embeddable":true,"href":"http:\/\/fundaciolluiscoromina.org\/index.php\/wp-json\/wp\/v2\/categories?post=4368"},{"taxonomy":"post_tag","embeddable":true,"href":"http:\/\/fundaciolluiscoromina.org\/index.php\/wp-json\/wp\/v2\/tags?post=4368"}],"curies":[{"name":"wp","href":"https:\/\/api.w.org\/{rel}","templated":true}]}}