{"id":4382,"date":"2020-03-13T10:36:20","date_gmt":"2020-03-13T09:36:20","guid":{"rendered":"http:\/\/www.fundaciolluiscoromina.org\/?p=4382"},"modified":"2020-03-13T10:36:20","modified_gmt":"2020-03-13T09:36:20","slug":"comunicat-covid-19","status":"publish","type":"post","link":"http:\/\/fundaciolluiscoromina.org\/index.php\/2020\/03\/13\/comunicat-covid-19\/","title":{"rendered":"Comunicat COVID-19"},"content":{"rendered":"<p>Davant de les mesures de precauci\u00f3 i prevenci\u00f3 adoptades per a la contenci\u00f3 del COVID-19, la Fundaci\u00f3 Llu\u00eds Coromina ha decidit tancar tots els espais expositius de Banyoles i Barcelona fins a proper av\u00eds.<\/p>\n<p>D&#8217;aquesta manera, la inauguraci\u00f3 i l&#8217;exposici\u00f3<em> Fusi\u00f3_L&#8217;art del te<\/em>, aix\u00ed com totes les activitats previstes durant les properes setmanes, queden anul\u00b7lades temporalment.<\/p>\n<p><a href=\"http:\/\/www.fundaciolluiscoromina.org\/wp-content\/uploads\/2020\/03\/Fundaci\u00f3-cancel\u00b7lat-5.png\"><img loading=\"lazy\" decoding=\"async\" class=\"alignnone wp-image-4392 size-medium\" src=\"http:\/\/www.fundaciolluiscoromina.org\/wp-content\/uploads\/2020\/03\/Fundaci\u00f3-cancel\u00b7lat-5-300x251.png\" alt=\"\" width=\"300\" height=\"251\" \/><\/a><a href=\"http:\/\/www.fundaciolluiscoromina.org\/wp-content\/uploads\/2020\/03\/Fundaci\u00f3-cancel\u00b7lat-3.png\"><img loading=\"lazy\" decoding=\"async\" class=\"alignnone size-medium wp-image-4397\" src=\"http:\/\/www.fundaciolluiscoromina.org\/wp-content\/uploads\/2020\/03\/Fundaci\u00f3-cancel\u00b7lat-3-300x251.png\" alt=\"\" width=\"300\" height=\"251\" \/><\/a><\/p>\n<p>Lamentem les mol\u00e8sties que aix\u00f2 pugui ocasionar i agra\u00efm la comprensi\u00f3 dels usuaris.<\/p>\n<p>&nbsp;<\/p>\n","protected":false},"excerpt":{"rendered":"<p>Davant de les mesures de precauci\u00f3 i prevenci\u00f3 adoptades per a la contenci\u00f3 del COVID-19, la Fundaci\u00f3 Llu\u00eds Coromina ha &#8230;<\/p>\n","protected":false},"author":2,"featured_media":4396,"comment_status":"open","ping_status":"open","sticky":false,"template":"","format":"standard","meta":{"footnotes":""},"categories":[14,228,17,16,13,12],"tags":[],"class_list":["post-4382","post","type-post","status-publish","format-standard","has-post-thumbnail","hentry","category-accions-culturals","category-exposicions-espai-isern-dalmau","category-exposicions-espai-eat-art","category-exposicions-la-perpinyana","category-exposicions-puntal-lab","category-publicacions"],"_links":{"self":[{"href":"http:\/\/fundaciolluiscoromina.org\/index.php\/wp-json\/wp\/v2\/posts\/4382","targetHints":{"allow":["GET"]}}],"collection":[{"href":"http:\/\/fundaciolluiscoromina.org\/index.php\/wp-json\/wp\/v2\/posts"}],"about":[{"href":"http:\/\/fundaciolluiscoromina.org\/index.php\/wp-json\/wp\/v2\/types\/post"}],"author":[{"embeddable":true,"href":"http:\/\/fundaciolluiscoromina.org\/index.php\/wp-json\/wp\/v2\/users\/2"}],"replies":[{"embeddable":true,"href":"http:\/\/fundaciolluiscoromina.org\/index.php\/wp-json\/wp\/v2\/comments?post=4382"}],"version-history":[{"count":0,"href":"http:\/\/fundaciolluiscoromina.org\/index.php\/wp-json\/wp\/v2\/posts\/4382\/revisions"}],"wp:attachment":[{"href":"http:\/\/fundaciolluiscoromina.org\/index.php\/wp-json\/wp\/v2\/media?parent=4382"}],"wp:term":[{"taxonomy":"category","embeddable":true,"href":"http:\/\/fundaciolluiscoromina.org\/index.php\/wp-json\/wp\/v2\/categories?post=4382"},{"taxonomy":"post_tag","embeddable":true,"href":"http:\/\/fundaciolluiscoromina.org\/index.php\/wp-json\/wp\/v2\/tags?post=4382"}],"curies":[{"name":"wp","href":"https:\/\/api.w.org\/{rel}","templated":true}]}}