{"id":439,"date":"2011-06-10T13:50:05","date_gmt":"2011-06-10T13:50:05","guid":{"rendered":"http:\/\/espaieatart.wordpress.com\/?p=439"},"modified":"2011-06-10T13:50:05","modified_gmt":"2011-06-10T13:50:05","slug":"visita-de-gresol-art-a-lespai-eat-art-lluis-vila","status":"publish","type":"post","link":"http:\/\/fundaciolluiscoromina.org\/index.php\/2011\/06\/10\/visita-de-gresol-art-a-lespai-eat-art-lluis-vila\/","title":{"rendered":"El col\u00b7lectiu Gresol Art i la performance, m\u00e9s a prop"},"content":{"rendered":"<p><a href=\"http:\/\/espaieatart.files.wordpress.com\/2011\/06\/logo_gresol.jpg\"><img loading=\"lazy\" decoding=\"async\" class=\"size-full wp-image-440 alignleft\" title=\"logo_gresol\" src=\"http:\/\/espaieatart.files.wordpress.com\/2011\/06\/logo_gresol.jpg\" alt=\"\" width=\"245\" height=\"140\" \/><\/a>Denys Blacker, membre del grup internacional de performance\u00a0<em>The Wolf in the Winter<\/em>, fundadora de l&#8217;associaci\u00f3 Gresol, coordinadora dels festivals anuals FEM Festival a Girona i MAMA Festival a Madremanya, i co-fundadora de ELAC (European Live Art Centre); Montse Ser\u00f3 membre de l\u2019organitzaci\u00f3 del Celr\u00e0 Caminat \u2013 art d\u2019acci\u00f3 i performance, actualment presidenta de l\u2019associaci\u00f3 Cercle Rod\u00f3 de l\u2019escola d\u2019art de Celr\u00e0, on imparteix els cursos de cer\u00e0mica (des de l\u2019any 2008 treballa a Gresol en la produccio i administraci\u00f3 dels festivals FEM i MAMA); i el videoartista Carlus Camps van visitar l&#8217;Espai Eat Art Llu\u00eds Vil\u00e0 de Banyoles, durant l&#8217;exposici\u00f3 \u00ab<em>Una imatge comestible<\/em>\u00bb del col.lectiu de grafistes Nifava (imatge del cartell del Festival (a)ph\u00f2nica d&#8217;enguany amb les pastilles Juanola com a protagonistes). La visita s&#8217;emmarca dins un projecte de col\u00b7laboraci\u00f3 per fer arribar la performance a l&#8217;espai de Banyoles.<\/p>\n<p style=\"text-align:left;\"><em>Carlus Camps, Montse Ser\u00f3, Ricard Planas (director de l&#8217;Espai Eat Art Llu\u00eds Vil\u00e0) \u00a0 \u00a0 \u00a0 \u00a0 \u00a0 \u00a0 \u00a0 i Denys Blacker. A la dreta, Ser\u00f3, Camps i Blacker. Juny 2011, photo \u00a9 Anna Bah\u00ed.<\/em><\/p>\n<p><a href=\"http:\/\/espaieatart.files.wordpress.com\/2011\/06\/foto1.jpg\"><img loading=\"lazy\" decoding=\"async\" class=\"alignleft size-medium wp-image-442\" title=\"gresol art foto1 espai eat art 2011\" src=\"http:\/\/espaieatart.files.wordpress.com\/2011\/06\/foto1.jpg?w=300\" alt=\"\" width=\"286\" height=\"214\" \/><\/a><a href=\"http:\/\/espaieatart.files.wordpress.com\/2011\/06\/foto2.jpg\"><img loading=\"lazy\" decoding=\"async\" class=\"size-medium wp-image-441 alignleft\" title=\"Gresol art foto2 espai eat art 2011\" src=\"http:\/\/espaieatart.files.wordpress.com\/2011\/06\/foto2.jpg?w=300\" alt=\"\" width=\"297\" height=\"226\" \/><\/a><\/p>\n","protected":false},"excerpt":{"rendered":"<p>Denys Blacker, membre del grup internacional de performance\u00a0The Wolf in the Winter, fundadora de l&#8217;associaci\u00f3 Gresol, coordinadora dels festivals anuals &#8230;<\/p>\n","protected":false},"author":1,"featured_media":440,"comment_status":"open","ping_status":"open","sticky":false,"template":"","format":"standard","meta":{"footnotes":""},"categories":[9],"tags":[],"class_list":["post-439","post","type-post","status-publish","format-standard","has-post-thumbnail","hentry","category-historic"],"_links":{"self":[{"href":"http:\/\/fundaciolluiscoromina.org\/index.php\/wp-json\/wp\/v2\/posts\/439","targetHints":{"allow":["GET"]}}],"collection":[{"href":"http:\/\/fundaciolluiscoromina.org\/index.php\/wp-json\/wp\/v2\/posts"}],"about":[{"href":"http:\/\/fundaciolluiscoromina.org\/index.php\/wp-json\/wp\/v2\/types\/post"}],"author":[{"embeddable":true,"href":"http:\/\/fundaciolluiscoromina.org\/index.php\/wp-json\/wp\/v2\/users\/1"}],"replies":[{"embeddable":true,"href":"http:\/\/fundaciolluiscoromina.org\/index.php\/wp-json\/wp\/v2\/comments?post=439"}],"version-history":[{"count":0,"href":"http:\/\/fundaciolluiscoromina.org\/index.php\/wp-json\/wp\/v2\/posts\/439\/revisions"}],"wp:attachment":[{"href":"http:\/\/fundaciolluiscoromina.org\/index.php\/wp-json\/wp\/v2\/media?parent=439"}],"wp:term":[{"taxonomy":"category","embeddable":true,"href":"http:\/\/fundaciolluiscoromina.org\/index.php\/wp-json\/wp\/v2\/categories?post=439"},{"taxonomy":"post_tag","embeddable":true,"href":"http:\/\/fundaciolluiscoromina.org\/index.php\/wp-json\/wp\/v2\/tags?post=439"}],"curies":[{"name":"wp","href":"https:\/\/api.w.org\/{rel}","templated":true}]}}