{"id":4411,"date":"2020-03-21T22:53:39","date_gmt":"2020-03-21T21:53:39","guid":{"rendered":"http:\/\/www.fundaciolluiscoromina.org\/?p=4411"},"modified":"2020-03-21T22:53:39","modified_gmt":"2020-03-21T21:53:39","slug":"dia-mundial-de-la-poesia-speculum-de-tino-soriano-i-jn-santaeulalia","status":"publish","type":"post","link":"http:\/\/fundaciolluiscoromina.org\/index.php\/2020\/03\/21\/dia-mundial-de-la-poesia-speculum-de-tino-soriano-i-jn-santaeulalia\/","title":{"rendered":"DIA MUNDIAL DE LA POESIA &#8211; BanyoleSpeculum de Tino Soriano i Josep Navarro Santaeul\u00e0lia"},"content":{"rendered":"<p>En uns moments dif\u00edcils, posar un punt de poesia a les nostres vides sempre serveix per generar portes d&#8217;esperan\u00e7a o, almenys, de consol. Coincidint amb el <strong>Dia Mundial de la Poesia<\/strong> presentem en prim\u00edcia una col\u00b7laboraci\u00f3 que la <strong>Fundaci\u00f3 Llu\u00eds Coromina<\/strong> ha fet amb el fotoperiodista <strong>Tino Soriano<\/strong>. Resident a Banyoles des de fa d\u00e8cades, Soriano ha editat un llibre amb un recull de fotografies seves i de poemes del reconegut escriptor <strong>Josep Navarro Santaeul\u00e0lia<\/strong>.<\/p>\n<p>El llibre es titula \u00ab<strong>Banyolespeculum<\/strong>\u00bb (<em>BanyolesMirall<\/em>) que ofereix una visi\u00f3 personal, intimista i postrom\u00e0ntic, d&#8217;un espai que no deixa mai ning\u00fa indiferent: l&#8217;Estany de Banyoles.\u00a0Amb m\u00e9s de cent-cinquanta p\u00e0gines plenes d&#8217;imatges i poesies colpidores, el volum compta amb la col\u00b7laboraci\u00f3 de l&#8217;empresa fotogr\u00e0fica Olympus, l&#8217;Ajuntament de Banyoles, Aig\u00fces de Banyoles i la Diputaci\u00f3 de Girona. Dissenyat pel creatiu Pere \u00c0lvaro, l&#8217;obra que acaba de sortir de la impremta trigar\u00e0 unes semantes a poder-se comercialitzar.<\/p>\n<p><a href=\"https:\/\/www.tinosoriano.com\/es\/portada\">www.tinosoriano.com<\/a><\/p>\n<p>&nbsp;<\/p>\n<p>&nbsp;<\/p>\n<p><a href=\"http:\/\/www.fundaciolluiscoromina.org\/wp-content\/uploads\/2020\/03\/199.jpg\"><img loading=\"lazy\" decoding=\"async\" class=\"alignnone size-medium wp-image-4431\" src=\"http:\/\/www.fundaciolluiscoromina.org\/wp-content\/uploads\/2020\/03\/199-244x300.jpg\" alt=\"\" width=\"244\" height=\"300\" \/><\/a> <a href=\"http:\/\/www.fundaciolluiscoromina.org\/wp-content\/uploads\/2020\/03\/900_SUR3261.jpg\"><img loading=\"lazy\" decoding=\"async\" class=\"alignnone size-medium wp-image-4430\" src=\"http:\/\/www.fundaciolluiscoromina.org\/wp-content\/uploads\/2020\/03\/900_SUR3261-300x225.jpg\" alt=\"\" width=\"300\" height=\"225\" \/><\/a> <a href=\"http:\/\/www.fundaciolluiscoromina.org\/wp-content\/uploads\/2020\/03\/224.jpg\"><img loading=\"lazy\" decoding=\"async\" class=\"alignnone size-medium wp-image-4432\" src=\"http:\/\/www.fundaciolluiscoromina.org\/wp-content\/uploads\/2020\/03\/224-244x300.jpg\" alt=\"\" width=\"244\" height=\"300\" \/><\/a> <a href=\"http:\/\/www.fundaciolluiscoromina.org\/wp-content\/uploads\/2020\/03\/435_SUR4897.jpg\"><img loading=\"lazy\" decoding=\"async\" class=\"alignnone size-medium wp-image-4429\" src=\"http:\/\/www.fundaciolluiscoromina.org\/wp-content\/uploads\/2020\/03\/435_SUR4897-300x225.jpg\" alt=\"\" width=\"300\" height=\"225\" \/><\/a> <a href=\"http:\/\/www.fundaciolluiscoromina.org\/wp-content\/uploads\/2020\/03\/00_TAN0009-b.jpg\"><img loading=\"lazy\" decoding=\"async\" class=\"alignnone size-medium wp-image-4428\" src=\"http:\/\/www.fundaciolluiscoromina.org\/wp-content\/uploads\/2020\/03\/00_TAN0009-b-300x225.jpg\" alt=\"\" width=\"300\" height=\"225\" \/><\/a><\/p>\n","protected":false},"excerpt":{"rendered":"<p>En uns moments dif\u00edcils, posar un punt de poesia a les nostres vides sempre serveix per generar portes d&#8217;esperan\u00e7a o, &#8230;<\/p>\n","protected":false},"author":2,"featured_media":4410,"comment_status":"open","ping_status":"open","sticky":false,"template":"","format":"standard","meta":{"footnotes":""},"categories":[14,9,12],"tags":[],"class_list":["post-4411","post","type-post","status-publish","format-standard","has-post-thumbnail","hentry","category-accions-culturals","category-historic","category-publicacions"],"_links":{"self":[{"href":"http:\/\/fundaciolluiscoromina.org\/index.php\/wp-json\/wp\/v2\/posts\/4411","targetHints":{"allow":["GET"]}}],"collection":[{"href":"http:\/\/fundaciolluiscoromina.org\/index.php\/wp-json\/wp\/v2\/posts"}],"about":[{"href":"http:\/\/fundaciolluiscoromina.org\/index.php\/wp-json\/wp\/v2\/types\/post"}],"author":[{"embeddable":true,"href":"http:\/\/fundaciolluiscoromina.org\/index.php\/wp-json\/wp\/v2\/users\/2"}],"replies":[{"embeddable":true,"href":"http:\/\/fundaciolluiscoromina.org\/index.php\/wp-json\/wp\/v2\/comments?post=4411"}],"version-history":[{"count":0,"href":"http:\/\/fundaciolluiscoromina.org\/index.php\/wp-json\/wp\/v2\/posts\/4411\/revisions"}],"wp:attachment":[{"href":"http:\/\/fundaciolluiscoromina.org\/index.php\/wp-json\/wp\/v2\/media?parent=4411"}],"wp:term":[{"taxonomy":"category","embeddable":true,"href":"http:\/\/fundaciolluiscoromina.org\/index.php\/wp-json\/wp\/v2\/categories?post=4411"},{"taxonomy":"post_tag","embeddable":true,"href":"http:\/\/fundaciolluiscoromina.org\/index.php\/wp-json\/wp\/v2\/tags?post=4411"}],"curies":[{"name":"wp","href":"https:\/\/api.w.org\/{rel}","templated":true}]}}