{"id":4426,"date":"2020-03-22T11:03:58","date_gmt":"2020-03-22T10:03:58","guid":{"rendered":"http:\/\/www.fundaciolluiscoromina.org\/?p=4426"},"modified":"2020-03-22T11:03:58","modified_gmt":"2020-03-22T10:03:58","slug":"joemcorono-yomecorono-ajudans-a-frenar-aquesta-pandemia","status":"publish","type":"post","link":"http:\/\/fundaciolluiscoromina.org\/index.php\/2020\/03\/22\/joemcorono-yomecorono-ajudans-a-frenar-aquesta-pandemia\/","title":{"rendered":"#JoEmCorono #YoMeCorono \/\/ Ajuda&#8217;ns a frenar aquesta pand\u00e8mia!"},"content":{"rendered":"<p>Estem vivint un dels estats d&#8217;alarma i emerg\u00e8ncia m\u00e9s durs que hem tingut a nivell mundial. L&#8217;equip de metges i investigadors de la Fundaci\u00f3 Lluita contra la Sida, IrsiCaixa i l&#8217;Hospital Universitari Germans Trias i Pujol est\u00e0 treballant a marxes for\u00e7ades per donar resposta al m\u00e9s aviat possible.<\/p>\n<p>Afegeix-te a el moviment #JoEmCorono #YoMeCorono i ajuda&#8217;ns a frenar aquesta pand\u00e8mia!<\/p>\n<p><a href=\"https:\/\/www.yomecorono.com\/ca\/\">www.joemcorono.cat<\/a><br \/>\n<a href=\"https:\/\/www.yomecorono.com\/\">www.yomecorono.com<\/a><\/p>\n<p>&nbsp;<\/p>\n<hr \/>\n<p>Espanya \u00e9s un dels pa\u00efsos m\u00e9s afectats per la pand\u00e8mia de coronavirus SARS-CoV-2 (Covid-19), que est\u00e0 causant milers de morts al m\u00f3n.<\/p>\n<p class=\"gt-block\">Aquesta setmana s&#8217;ha comen\u00e7at un <a href=\"http:\/\/www.flsida.org\/es\/blog\/ensayo-clinico-liderado-por-oriol-mitja-sera-primero-mundo-para-frenar-transmision-covid-19\" target=\"_blank\" rel=\"noreferrer noopener\" aria-label=\"ensayo cl\u00ednico pionero (se abre en una nueva pesta\u00f1a)\">assaig cl\u00ednic pioner<\/a>, el primer aprovat per l&#8217;Ag\u00e8ncia Espanyola de l&#8217;Medicament, amb l&#8217;objectiu de definir quins f\u00e0rmacs serviran per tractar de manera immediata als infectats i prevenir el contagi en els seus contactes. A trav\u00e9s d&#8217;un altre projecte, tamb\u00e9 estem treballant en una vacuna contra el virus.<\/p>\n<p>Des de l&#8217;Hospital Universitari Germans Trias i Pujol de Badalona (Barcelona), la Fundaci\u00f3 Lluita contra la Sida i l&#8217;Institut d&#8217;Investigaci\u00f3 de la Sida IrsiCaixa es treballa de forma incansable per lluitar contra la pand\u00e8mia a curt i llarg termini.<\/p>\n<p>D&#8217;una banda, el Dr. Bonaventura Clotet i el Dr. Oriol Mitj\u00e0 lideren un assaig cl\u00ednic que pret\u00e9n frenar la transmissi\u00f3 de virus. D&#8217;altra banda, els doctors Bonaventura Clotet, Roger Paredes, Juli\u00e0 Blanco, Jorge Carrillo i Nuria Izquierdo treballen en un projecte conjunt amb el Barcelona Supercomputing Center (BSC), l&#8217;IRTA-CReSA i Grifols, que t\u00e9 com a objectiu desenvolupar f\u00e0rmacs, anticossos i una vacuna contra el nou coronavirus i altres futures amenaces similars.<\/p>\n<p>Per poder tenir els resultats el m\u00e9s aviat possible necessitem la vostra ajuda m\u00e9s que mai.<\/p>\n<p>&nbsp;<\/p>\n","protected":false},"excerpt":{"rendered":"<p>Estem vivint un dels estats d&#8217;alarma i emerg\u00e8ncia m\u00e9s durs que hem tingut a nivell mundial. L&#8217;equip de metges i &#8230;<\/p>\n","protected":false},"author":2,"featured_media":4526,"comment_status":"open","ping_status":"open","sticky":false,"template":"","format":"standard","meta":{"footnotes":""},"categories":[15,9],"tags":[151,229,91,230,231,232,233],"class_list":["post-4426","post","type-post","status-publish","format-standard","has-post-thumbnail","hentry","category-accions-socials","category-historic","tag-bonaventura-clotet","tag-covid-19","tag-fundacio-lluis-coromina","tag-joemcorono","tag-oriol-mitja","tag-pandemia","tag-yomecorono"],"_links":{"self":[{"href":"http:\/\/fundaciolluiscoromina.org\/index.php\/wp-json\/wp\/v2\/posts\/4426","targetHints":{"allow":["GET"]}}],"collection":[{"href":"http:\/\/fundaciolluiscoromina.org\/index.php\/wp-json\/wp\/v2\/posts"}],"about":[{"href":"http:\/\/fundaciolluiscoromina.org\/index.php\/wp-json\/wp\/v2\/types\/post"}],"author":[{"embeddable":true,"href":"http:\/\/fundaciolluiscoromina.org\/index.php\/wp-json\/wp\/v2\/users\/2"}],"replies":[{"embeddable":true,"href":"http:\/\/fundaciolluiscoromina.org\/index.php\/wp-json\/wp\/v2\/comments?post=4426"}],"version-history":[{"count":0,"href":"http:\/\/fundaciolluiscoromina.org\/index.php\/wp-json\/wp\/v2\/posts\/4426\/revisions"}],"wp:attachment":[{"href":"http:\/\/fundaciolluiscoromina.org\/index.php\/wp-json\/wp\/v2\/media?parent=4426"}],"wp:term":[{"taxonomy":"category","embeddable":true,"href":"http:\/\/fundaciolluiscoromina.org\/index.php\/wp-json\/wp\/v2\/categories?post=4426"},{"taxonomy":"post_tag","embeddable":true,"href":"http:\/\/fundaciolluiscoromina.org\/index.php\/wp-json\/wp\/v2\/tags?post=4426"}],"curies":[{"name":"wp","href":"https:\/\/api.w.org\/{rel}","templated":true}]}}