{"id":4434,"date":"2020-04-03T09:36:48","date_gmt":"2020-04-03T07:36:48","guid":{"rendered":"http:\/\/www.fundaciolluiscoromina.org\/?p=4434"},"modified":"2020-04-03T09:36:48","modified_gmt":"2020-04-03T07:36:48","slug":"suport-emocional-i-psicologic-a-persones-del-sector-cultural-i-social-durant-el-confinament-pel-covid-19","status":"publish","type":"post","link":"http:\/\/fundaciolluiscoromina.org\/index.php\/2020\/04\/03\/suport-emocional-i-psicologic-a-persones-del-sector-cultural-i-social-durant-el-confinament-pel-covid-19\/","title":{"rendered":"Suport emocional i psicol\u00f2gic a persones del sector cultural i social durant el confinament pel COVID-19"},"content":{"rendered":"<header>Durant el confinament amb motiu del COVID-19, la Fundaci\u00f3 Llu\u00eds Coromina -conjuntament amb l&#8217;empresa AB Intra- ofereix suport emocional i psicol\u00f2gic a persones del sector cultural i social, un sector en situaci\u00f3 d&#8217;especial risc de patir malestar a causa de la situaci\u00f3 actual. \u00c9s per aix\u00f2 que ha creat un n\u00famero de tel\u00e8fon espec\u00edfic per atendre gratu\u00eftament les persones que vulguin un acompanyament enmig d&#8217;aquesta crisi generada per la pand\u00e8mia del coronavirus: <strong>680 587 726<\/strong>.<br \/>\nAquest servei estar\u00e0 disponible de dilluns a divendres, de 15 h a 19 h, i les persones que en facin \u00fas seran ateses per professionals de la psicologia, garantint l&#8217;anonimat i la confidencialitat de les converses.<\/header>\n<div class=\"field field-name-body field-type-text-with-summary field-label-hidden\"><\/div>\n","protected":false},"excerpt":{"rendered":"<p>Durant el confinament amb motiu del COVID-19, la Fundaci\u00f3 Llu\u00eds Coromina -conjuntament amb l&#8217;empresa AB Intra- ofereix suport emocional i &#8230;<\/p>\n","protected":false},"author":2,"featured_media":4443,"comment_status":"open","ping_status":"open","sticky":false,"template":"","format":"standard","meta":{"footnotes":""},"categories":[14,15],"tags":[],"class_list":["post-4434","post","type-post","status-publish","format-standard","has-post-thumbnail","hentry","category-accions-culturals","category-accions-socials"],"_links":{"self":[{"href":"http:\/\/fundaciolluiscoromina.org\/index.php\/wp-json\/wp\/v2\/posts\/4434","targetHints":{"allow":["GET"]}}],"collection":[{"href":"http:\/\/fundaciolluiscoromina.org\/index.php\/wp-json\/wp\/v2\/posts"}],"about":[{"href":"http:\/\/fundaciolluiscoromina.org\/index.php\/wp-json\/wp\/v2\/types\/post"}],"author":[{"embeddable":true,"href":"http:\/\/fundaciolluiscoromina.org\/index.php\/wp-json\/wp\/v2\/users\/2"}],"replies":[{"embeddable":true,"href":"http:\/\/fundaciolluiscoromina.org\/index.php\/wp-json\/wp\/v2\/comments?post=4434"}],"version-history":[{"count":0,"href":"http:\/\/fundaciolluiscoromina.org\/index.php\/wp-json\/wp\/v2\/posts\/4434\/revisions"}],"wp:attachment":[{"href":"http:\/\/fundaciolluiscoromina.org\/index.php\/wp-json\/wp\/v2\/media?parent=4434"}],"wp:term":[{"taxonomy":"category","embeddable":true,"href":"http:\/\/fundaciolluiscoromina.org\/index.php\/wp-json\/wp\/v2\/categories?post=4434"},{"taxonomy":"post_tag","embeddable":true,"href":"http:\/\/fundaciolluiscoromina.org\/index.php\/wp-json\/wp\/v2\/tags?post=4434"}],"curies":[{"name":"wp","href":"https:\/\/api.w.org\/{rel}","templated":true}]}}