{"id":4447,"date":"2020-04-11T09:44:56","date_gmt":"2020-04-11T07:44:56","guid":{"rendered":"http:\/\/www.fundaciolluiscoromina.org\/?p=4447"},"modified":"2020-04-11T09:44:56","modified_gmt":"2020-04-11T07:44:56","slug":"la-fundacio-lluis-coromina-sadhereix-a-la-vaga-cultural","status":"publish","type":"post","link":"http:\/\/fundaciolluiscoromina.org\/index.php\/2020\/04\/11\/la-fundacio-lluis-coromina-sadhereix-a-la-vaga-cultural\/","title":{"rendered":"La Fundaci\u00f3 Llu\u00eds Coromina s&#8217;adhereix a la vaga cultural"},"content":{"rendered":"<p>La Fundaci\u00f3 Llu\u00eds Coromina s&#8217;adhereix a l\u2019apagada cultural despr\u00e9s que el Ministre de Cultura declar\u00e9s que \u201caquesta no \u00e9s una crisi cultural\u201d i no volia presentar cap mesura per combatre la situaci\u00f3 de m\u00e0xima urg\u00e8ncia que estan vivint les treballadores del sector. Des de la Fundaci\u00f3 se segueix la vaga de 48 hores, durant la qual no es publicaran continguts culturals a les xarxes socials, esperant una rectificaci\u00f3 i mesures per paliar la situaci\u00f3 que es viu i es viur\u00e0 en el sector durant els pr\u00f2xims mesos.<\/p>\n","protected":false},"excerpt":{"rendered":"<p>La Fundaci\u00f3 Llu\u00eds Coromina s&#8217;adhereix a l\u2019apagada cultural despr\u00e9s que el Ministre de Cultura declar\u00e9s que \u201caquesta no \u00e9s una &#8230;<\/p>\n","protected":false},"author":2,"featured_media":4448,"comment_status":"open","ping_status":"open","sticky":false,"template":"","format":"standard","meta":{"footnotes":""},"categories":[15],"tags":[234,235,236],"class_list":["post-4447","post","type-post","status-publish","format-standard","has-post-thumbnail","hentry","category-accions-socials","tag-apagada","tag-cultura","tag-vaga"],"_links":{"self":[{"href":"http:\/\/fundaciolluiscoromina.org\/index.php\/wp-json\/wp\/v2\/posts\/4447","targetHints":{"allow":["GET"]}}],"collection":[{"href":"http:\/\/fundaciolluiscoromina.org\/index.php\/wp-json\/wp\/v2\/posts"}],"about":[{"href":"http:\/\/fundaciolluiscoromina.org\/index.php\/wp-json\/wp\/v2\/types\/post"}],"author":[{"embeddable":true,"href":"http:\/\/fundaciolluiscoromina.org\/index.php\/wp-json\/wp\/v2\/users\/2"}],"replies":[{"embeddable":true,"href":"http:\/\/fundaciolluiscoromina.org\/index.php\/wp-json\/wp\/v2\/comments?post=4447"}],"version-history":[{"count":0,"href":"http:\/\/fundaciolluiscoromina.org\/index.php\/wp-json\/wp\/v2\/posts\/4447\/revisions"}],"wp:attachment":[{"href":"http:\/\/fundaciolluiscoromina.org\/index.php\/wp-json\/wp\/v2\/media?parent=4447"}],"wp:term":[{"taxonomy":"category","embeddable":true,"href":"http:\/\/fundaciolluiscoromina.org\/index.php\/wp-json\/wp\/v2\/categories?post=4447"},{"taxonomy":"post_tag","embeddable":true,"href":"http:\/\/fundaciolluiscoromina.org\/index.php\/wp-json\/wp\/v2\/tags?post=4447"}],"curies":[{"name":"wp","href":"https:\/\/api.w.org\/{rel}","templated":true}]}}