{"id":445,"date":"2011-06-14T20:23:50","date_gmt":"2011-06-14T20:23:50","guid":{"rendered":"http:\/\/espaieatart.wordpress.com\/?p=445"},"modified":"2011-06-14T20:23:50","modified_gmt":"2011-06-14T20:23:50","slug":"visita-denric-ansesa-i-albert-more-a-lespai-eat-art-lluis-vila","status":"publish","type":"post","link":"http:\/\/fundaciolluiscoromina.org\/index.php\/2011\/06\/14\/visita-denric-ansesa-i-albert-more-a-lespai-eat-art-lluis-vila\/","title":{"rendered":"L&#8217;artista Enric Ansesa i el galerista Albert Mor\u00e9: dos bons c\u00f2mplices per la programaci\u00f3 del 2012 de l&#8217;espai Eat Art"},"content":{"rendered":"<p style=\"text-align:justify;\"><a href=\"http:\/\/espaieatart.files.wordpress.com\/2011\/06\/enricalbert-juny-2011.jpg\"><img loading=\"lazy\" decoding=\"async\" class=\"alignleft size-medium wp-image-446\" title=\"Enric&amp;Albert juny 2011\" src=\"http:\/\/espaieatart.files.wordpress.com\/2011\/06\/enricalbert-juny-2011.jpg?w=300\" alt=\"\" width=\"284\" height=\"213\" \/><\/a><a href=\"http:\/\/espaieatart.files.wordpress.com\/2011\/06\/els-4-magnc3adfics-juny-2011.jpg\"><img loading=\"lazy\" decoding=\"async\" class=\"alignleft size-medium wp-image-448\" title=\"els 4 magn\u00edfics juny 2011\" src=\"http:\/\/espaieatart.files.wordpress.com\/2011\/06\/els-4-magnc3adfics-juny-2011.jpg?w=300\" alt=\"\" width=\"284\" height=\"213\" \/><\/a><\/p>\n<p style=\"text-align:justify;\">L&#8217;artista Enric Ansesa i l&#8217;editor i galerista Albert Mor\u00e9 van visitar l&#8217;Espai durant l&#8217;exposici\u00f3 \u00abUna imatge comestible\u00bb, dedicada al Festival (a)ph\u00f2nica, i que han elaborat el col.lectiu de grafistes Nifava. Tamb\u00e9 els acompanyaven, Ricard Planas, director de l&#8217;Espai Eat Art i Josep Agust\u00ed, empresari i col\u00b7leccionista. La visita d&#8217;<a href=\"http:\/\/www.ansesa.com\">Enric Ansesa<\/a> (Girona, 1945), un dels referents de l&#8217;art contemporani a les comarques gironines i amb una notable aportaci\u00f3 en el moviment de l&#8217;eat art, s&#8217;inclou dins la preparaci\u00f3 de la seva exposici\u00f3 al nostre espai. Per la seva banda, Albert Mor\u00e9, director de la <a href=\"http:\/\/www.galeriapresenta.com\/\">galeria Presenta&#8230;<\/a> i uns dels responsable d&#8217;<a href=\"http:\/\/www.ed-eixample.com\/\">Edicions de l&#8217;Eixample<\/a>, ser\u00e0 l&#8217;encarregat del desenvolupament de l&#8217;exposici\u00f3 el 2012 sobre Antoni Miralda, el principal referent de l&#8217;eat art al m\u00f3n i nascut a Catalunya.<\/p>\n","protected":false},"excerpt":{"rendered":"<p>L&#8217;artista Enric Ansesa i l&#8217;editor i galerista Albert Mor\u00e9 van visitar l&#8217;Espai durant l&#8217;exposici\u00f3 \u00abUna imatge comestible\u00bb, dedicada al Festival &#8230;<\/p>\n","protected":false},"author":1,"featured_media":446,"comment_status":"open","ping_status":"open","sticky":false,"template":"","format":"standard","meta":{"footnotes":""},"categories":[9],"tags":[],"class_list":["post-445","post","type-post","status-publish","format-standard","has-post-thumbnail","hentry","category-historic"],"_links":{"self":[{"href":"http:\/\/fundaciolluiscoromina.org\/index.php\/wp-json\/wp\/v2\/posts\/445","targetHints":{"allow":["GET"]}}],"collection":[{"href":"http:\/\/fundaciolluiscoromina.org\/index.php\/wp-json\/wp\/v2\/posts"}],"about":[{"href":"http:\/\/fundaciolluiscoromina.org\/index.php\/wp-json\/wp\/v2\/types\/post"}],"author":[{"embeddable":true,"href":"http:\/\/fundaciolluiscoromina.org\/index.php\/wp-json\/wp\/v2\/users\/1"}],"replies":[{"embeddable":true,"href":"http:\/\/fundaciolluiscoromina.org\/index.php\/wp-json\/wp\/v2\/comments?post=445"}],"version-history":[{"count":0,"href":"http:\/\/fundaciolluiscoromina.org\/index.php\/wp-json\/wp\/v2\/posts\/445\/revisions"}],"wp:attachment":[{"href":"http:\/\/fundaciolluiscoromina.org\/index.php\/wp-json\/wp\/v2\/media?parent=445"}],"wp:term":[{"taxonomy":"category","embeddable":true,"href":"http:\/\/fundaciolluiscoromina.org\/index.php\/wp-json\/wp\/v2\/categories?post=445"},{"taxonomy":"post_tag","embeddable":true,"href":"http:\/\/fundaciolluiscoromina.org\/index.php\/wp-json\/wp\/v2\/tags?post=445"}],"curies":[{"name":"wp","href":"https:\/\/api.w.org\/{rel}","templated":true}]}}