{"id":4480,"date":"2020-04-30T09:58:44","date_gmt":"2020-04-30T07:58:44","guid":{"rendered":"http:\/\/www.fundaciolluiscoromina.org\/?p=4480"},"modified":"2020-04-30T09:58:44","modified_gmt":"2020-04-30T07:58:44","slug":"la-fundacio-lluis-coromina-inicia-un-cicle-per-donar-a-coneixer-diversos-projectes-socioculturals-vinculats-a-lentitat","status":"publish","type":"post","link":"http:\/\/fundaciolluiscoromina.org\/index.php\/2020\/04\/30\/la-fundacio-lluis-coromina-inicia-un-cicle-per-donar-a-coneixer-diversos-projectes-socioculturals-vinculats-a-lentitat\/","title":{"rendered":"La Fundaci\u00f3 Llu\u00eds Coromina inicia un cicle per donar a con\u00e8ixer diversos projectes socioculturals vinculats a l\u2019entitat"},"content":{"rendered":"<p>A partir d\u2019aquest dijous 7 de maig, la Fundaci\u00f3 Llu\u00eds Coromina obre un cicle <em>on line<\/em> per donar a con\u00e8ixer alguns dels projectes vinculats a l&#8217;entitat. Constitu\u00efda per l\u2019empresari Llu\u00eds Coromina Isern l\u2019any 2007, des dels seus inicis ha desenvolupat activitats en l\u2019\u00e0mbit de les arts, de l\u2019atenci\u00f3 a les persones, de la preservaci\u00f3 de la natura i els animals, i de l\u2019entorn paisatg\u00edstic. \u00c9s per aix\u00f2 que d\u00f3na suport a entitats i projectes culturals, socials i mediambientals, sempre amb la voluntat i el comprom\u00eds d\u2019ajudar a crear un m\u00f3n millor.<\/p>\n<p>La productora de cinema d\u2019autor i d\u2019avantguarda Andergraun Films; l\u2019associaci\u00f3 sense \u00e0nim de lucre Azahara; la Fundaci\u00f3 Mona, l\u2019ONG que treballa a les zones rurals de Ghana, Nasco Feeding Minds; el moviment Plant- for-the-planet, que busca solucions a l\u2019emerg\u00e8ncia clim\u00e0tica; la revista cultural Bonart; la Fundaci\u00f3 Estany, que treballa amb persones amb discapacitat;\u00a0 la productora d\u2019arts esc\u00e8niques Eironeia Produccions; l\u2019empresa de gesti\u00f3 cultural Alter Sinergies; el duo d\u2019artistes sonors cabosanroque; la Fundaci\u00f3 Mas Casadevall, que treballa amb persones amb autisme, i la formaci\u00f3 vocal banyolina Cor de Teatre formen part d\u2019aquest univers creatiu i cultural de la Fundaci\u00f3 Llu\u00eds Coromina.<\/p>\n<p>La primera acci\u00f3 tindr\u00e0 lloc aquest dijous 7 de maig a les 19 h, amb una conversa en directe amb Laia Torrents de cabosanroque, un duet d\u2019artistes sonors instal\u00b7lats al Puntal \u2013 Laboratori de les Arts, i Ricard Planas, director de la Fundaci\u00f3 Llu\u00eds Coromina. Es podr\u00e0 seguir a trav\u00e9s d\u2019instagram live al perfil @fundaciolluiscoromina. Com a pr\u00e8via a aquest cicle, el 24 d\u2019abril s\u2019ha realitzat una trobada virtual amb Xavier Aldekoa i\u00a0Ousman Umar (Azahara): \u201cL\u2019impacte social de la COVID19 a l\u2019\u00c0frica\u201d. Aquesta activitat compta amb el suport de la revista Bonart.<\/p>\n","protected":false},"excerpt":{"rendered":"<p>A partir d\u2019aquest dijous 7 de maig, la Fundaci\u00f3 Llu\u00eds Coromina obre un cicle on line per donar a con\u00e8ixer &#8230;<\/p>\n","protected":false},"author":2,"featured_media":4323,"comment_status":"open","ping_status":"open","sticky":false,"template":"","format":"standard","meta":{"footnotes":""},"categories":[14,15],"tags":[240,241,91,242],"class_list":["post-4480","post","type-post","status-publish","format-standard","has-post-thumbnail","hentry","category-accions-culturals","category-accions-socials","tag-cultural","tag-entitats","tag-fundacio-lluis-coromina","tag-social"],"_links":{"self":[{"href":"http:\/\/fundaciolluiscoromina.org\/index.php\/wp-json\/wp\/v2\/posts\/4480","targetHints":{"allow":["GET"]}}],"collection":[{"href":"http:\/\/fundaciolluiscoromina.org\/index.php\/wp-json\/wp\/v2\/posts"}],"about":[{"href":"http:\/\/fundaciolluiscoromina.org\/index.php\/wp-json\/wp\/v2\/types\/post"}],"author":[{"embeddable":true,"href":"http:\/\/fundaciolluiscoromina.org\/index.php\/wp-json\/wp\/v2\/users\/2"}],"replies":[{"embeddable":true,"href":"http:\/\/fundaciolluiscoromina.org\/index.php\/wp-json\/wp\/v2\/comments?post=4480"}],"version-history":[{"count":0,"href":"http:\/\/fundaciolluiscoromina.org\/index.php\/wp-json\/wp\/v2\/posts\/4480\/revisions"}],"wp:attachment":[{"href":"http:\/\/fundaciolluiscoromina.org\/index.php\/wp-json\/wp\/v2\/media?parent=4480"}],"wp:term":[{"taxonomy":"category","embeddable":true,"href":"http:\/\/fundaciolluiscoromina.org\/index.php\/wp-json\/wp\/v2\/categories?post=4480"},{"taxonomy":"post_tag","embeddable":true,"href":"http:\/\/fundaciolluiscoromina.org\/index.php\/wp-json\/wp\/v2\/tags?post=4480"}],"curies":[{"name":"wp","href":"https:\/\/api.w.org\/{rel}","templated":true}]}}