{"id":4484,"date":"2020-05-04T13:04:22","date_gmt":"2020-05-04T11:04:22","guid":{"rendered":"http:\/\/www.fundaciolluiscoromina.org\/?p=4484"},"modified":"2020-05-04T13:04:22","modified_gmt":"2020-05-04T11:04:22","slug":"conversa-en-directe-amb-laia-torrents-de-cabosanroque","status":"publish","type":"post","link":"http:\/\/fundaciolluiscoromina.org\/index.php\/2020\/05\/04\/conversa-en-directe-amb-laia-torrents-de-cabosanroque\/","title":{"rendered":"Conversa en directe amb Laia Torrents de cabosanroque"},"content":{"rendered":"<p>El pr\u00f2xim dijous 7 de maig a les 19 h tindr\u00e0 lloc la primera conversa en directe del cicle que ha obert la Fundaci\u00f3 Llu\u00eds Coromina per donar a con\u00e8ixer els projectes vinculats a l\u2019entitat. Obrir\u00e0 l\u2019activitat el directe amb Laia Torrents de cabosanroque, un duet d\u2019artistes sonors instal\u00b7lats al Puntal \u2013 Laboratori de les Arts.<\/p>\n<p>La formaci\u00f3 neix d\u2019un nombr\u00f3s col\u00b7lectiu musical format a Barcelona l\u2019any 2001. A cavall entre les arts pl\u00e0stiques i esc\u00e8niques, i la m\u00fasica experimental, el seu treball gira al voltant de les capacitats preformatives de la m\u00e0quina, l\u2019objecte i el so. Actualment est\u00e0 format per Laia Torrents (1976), llicenciada en Enginyeria Superior Industrial per la UPC i estudis superiors de Composici\u00f3, Harmonia i Arranjaments al Taller de M\u00fasics, i Roger Aixut (1975), llicenciat en Arquitectura per la UPC.<\/p>\n<p>La conversa es podr\u00e0 seguir a trav\u00e9s d\u2019instagram live al perfil @fundaciolluiscoromina.<\/p>\n","protected":false},"excerpt":{"rendered":"<p>El pr\u00f2xim dijous 7 de maig a les 19 h tindr\u00e0 lloc la primera conversa en directe del cicle que &#8230;<\/p>\n","protected":false},"author":2,"featured_media":4518,"comment_status":"open","ping_status":"open","sticky":false,"template":"","format":"standard","meta":{"footnotes":""},"categories":[10],"tags":[201,91],"class_list":["post-4484","post","type-post","status-publish","format-standard","has-post-thumbnail","hentry","category-activitats","tag-cabosanroque","tag-fundacio-lluis-coromina"],"_links":{"self":[{"href":"http:\/\/fundaciolluiscoromina.org\/index.php\/wp-json\/wp\/v2\/posts\/4484","targetHints":{"allow":["GET"]}}],"collection":[{"href":"http:\/\/fundaciolluiscoromina.org\/index.php\/wp-json\/wp\/v2\/posts"}],"about":[{"href":"http:\/\/fundaciolluiscoromina.org\/index.php\/wp-json\/wp\/v2\/types\/post"}],"author":[{"embeddable":true,"href":"http:\/\/fundaciolluiscoromina.org\/index.php\/wp-json\/wp\/v2\/users\/2"}],"replies":[{"embeddable":true,"href":"http:\/\/fundaciolluiscoromina.org\/index.php\/wp-json\/wp\/v2\/comments?post=4484"}],"version-history":[{"count":0,"href":"http:\/\/fundaciolluiscoromina.org\/index.php\/wp-json\/wp\/v2\/posts\/4484\/revisions"}],"wp:attachment":[{"href":"http:\/\/fundaciolluiscoromina.org\/index.php\/wp-json\/wp\/v2\/media?parent=4484"}],"wp:term":[{"taxonomy":"category","embeddable":true,"href":"http:\/\/fundaciolluiscoromina.org\/index.php\/wp-json\/wp\/v2\/categories?post=4484"},{"taxonomy":"post_tag","embeddable":true,"href":"http:\/\/fundaciolluiscoromina.org\/index.php\/wp-json\/wp\/v2\/tags?post=4484"}],"curies":[{"name":"wp","href":"https:\/\/api.w.org\/{rel}","templated":true}]}}