{"id":4487,"date":"2020-05-06T11:27:07","date_gmt":"2020-05-06T09:27:07","guid":{"rendered":"http:\/\/www.fundaciolluiscoromina.org\/?p=4487"},"modified":"2020-05-06T11:27:07","modified_gmt":"2020-05-06T09:27:07","slug":"el-servei-psicologic-de-la-fundacio-lluis-coromina-collabora-amb-diverses-entitats","status":"publish","type":"post","link":"http:\/\/fundaciolluiscoromina.org\/index.php\/2020\/05\/06\/el-servei-psicologic-de-la-fundacio-lluis-coromina-collabora-amb-diverses-entitats\/","title":{"rendered":"El servei psicol\u00f2gic de la Fundaci\u00f3 Llu\u00eds Coromina col\u00b7labora amb diverses entitats"},"content":{"rendered":"<header>Durant el confinament amb motiu del COVID-19, la Fundaci\u00f3 Llu\u00eds Coromina -conjuntament amb l&#8217;empresa AB Intra- ofereix suport emocional i psicol\u00f2gic a persones del sector cultural i social, un sector en situaci\u00f3 d&#8217;especial risc de patir malestar a causa de la situaci\u00f3 actual. Fins al moment, persones i tamb\u00e9 entitats com Fundaci\u00f3 Estany o C\u00e0ritas ja han fet \u00fas del servei gratu\u00eft.\u00a0Aquest servei segueix disponible al tel\u00e8fon <strong>680 587 726 <\/strong>de dilluns a divendres, de 15 h a 19 h, i les persones que en facin \u00fas seran ateses per professionals de la psicologia, garantint l&#8217;anonimat i la confidencialitat de les converses.<\/header>\n<header><\/header>\n<header><\/header>\n<div class=\"field field-name-body field-type-text-with-summary field-label-hidden\"><\/div>\n","protected":false},"excerpt":{"rendered":"<p>Durant el confinament amb motiu del COVID-19, la Fundaci\u00f3 Llu\u00eds Coromina -conjuntament amb l&#8217;empresa AB Intra- ofereix suport emocional i &#8230;<\/p>\n","protected":false},"author":2,"featured_media":4443,"comment_status":"open","ping_status":"open","sticky":false,"template":"","format":"standard","meta":{"footnotes":""},"categories":[15],"tags":[],"class_list":["post-4487","post","type-post","status-publish","format-standard","has-post-thumbnail","hentry","category-accions-socials"],"_links":{"self":[{"href":"http:\/\/fundaciolluiscoromina.org\/index.php\/wp-json\/wp\/v2\/posts\/4487","targetHints":{"allow":["GET"]}}],"collection":[{"href":"http:\/\/fundaciolluiscoromina.org\/index.php\/wp-json\/wp\/v2\/posts"}],"about":[{"href":"http:\/\/fundaciolluiscoromina.org\/index.php\/wp-json\/wp\/v2\/types\/post"}],"author":[{"embeddable":true,"href":"http:\/\/fundaciolluiscoromina.org\/index.php\/wp-json\/wp\/v2\/users\/2"}],"replies":[{"embeddable":true,"href":"http:\/\/fundaciolluiscoromina.org\/index.php\/wp-json\/wp\/v2\/comments?post=4487"}],"version-history":[{"count":0,"href":"http:\/\/fundaciolluiscoromina.org\/index.php\/wp-json\/wp\/v2\/posts\/4487\/revisions"}],"wp:attachment":[{"href":"http:\/\/fundaciolluiscoromina.org\/index.php\/wp-json\/wp\/v2\/media?parent=4487"}],"wp:term":[{"taxonomy":"category","embeddable":true,"href":"http:\/\/fundaciolluiscoromina.org\/index.php\/wp-json\/wp\/v2\/categories?post=4487"},{"taxonomy":"post_tag","embeddable":true,"href":"http:\/\/fundaciolluiscoromina.org\/index.php\/wp-json\/wp\/v2\/tags?post=4487"}],"curies":[{"name":"wp","href":"https:\/\/api.w.org\/{rel}","templated":true}]}}