{"id":4492,"date":"2020-05-11T09:00:21","date_gmt":"2020-05-11T07:00:21","guid":{"rendered":"http:\/\/www.fundaciolluiscoromina.org\/?p=4492"},"modified":"2020-05-11T09:00:21","modified_gmt":"2020-05-11T07:00:21","slug":"conversa-en-directe-amb-el-cineasta-albert-serra-andergraun-films","status":"publish","type":"post","link":"http:\/\/fundaciolluiscoromina.org\/index.php\/2020\/05\/11\/conversa-en-directe-amb-el-cineasta-albert-serra-andergraun-films\/","title":{"rendered":"Conversa en directe amb el cineasta Albert Serra (Andergraun Films)"},"content":{"rendered":"<p>En el marc del cicle on line de la Fundaci\u00f3 Llu\u00eds Coromina per donar a con\u00e8ixer els projectes que formen part de l&#8217;entitat, el pr\u00f2xim dijous 14 de maig es dur\u00e0 a terme una conversa en directe a trav\u00e9s de l&#8217;instagram de la Fundaci\u00f3 amb el cineasta Albert Serra (Andergraun Films) i Ricard Planas, director de l&#8217;entitat. El di\u00e0leg girar\u00e0 al voltant de \u00abLa natura com a personatge\u00bb.<\/p>\n<p>Fundada el 2004, Andergraun Films basa la seva identitat en el compromi\u0301s en el cinema d&#8217;autor i d&#8217;avantguarda. El seus projectes abasten des llargmetratges de ficcio\u0301 fins a instal\u00b7lacions audiovisuals, passant ocasionalment per serveis a la produccio\u0301 de llargmetratges internacionals amb afinitats arti\u0301stiques. La productora ha rebut nombrosos premis en festivals internacionals, ha format part en fires d&#8217;art de prestigi mundial i les seves produccions han estat celebrades una\u0300nimement per la cri\u0301tica especialitzada. L&#8217;empresa ha produi\u0308t o coprodui\u0308t fins a dia d&#8217;avui tota la filmografia del realitzador Albert Serra, de la ma\u0300 de la productora Montse Triola.<\/p>\n<p>La conversa es podr\u00e0 seguir a les 19 h a l&#8217;instagram de la Fundaci\u00f3: @fundaciolluiscoromina. Els assistents virtuals que ho vulguin, podran formular les seves preguntes en directe i seran traslladades al cineasta.<\/p>\n","protected":false},"excerpt":{"rendered":"<p>En el marc del cicle on line de la Fundaci\u00f3 Llu\u00eds Coromina per donar a con\u00e8ixer els projectes que formen &#8230;<\/p>\n","protected":false},"author":2,"featured_media":4493,"comment_status":"open","ping_status":"open","sticky":false,"template":"","format":"standard","meta":{"footnotes":""},"categories":[10],"tags":[159,24,243,244,245],"class_list":["post-4492","post","type-post","status-publish","format-standard","has-post-thumbnail","hentry","category-activitats","tag-albert-serra","tag-art","tag-cinema","tag-fundacio","tag-instagram"],"_links":{"self":[{"href":"http:\/\/fundaciolluiscoromina.org\/index.php\/wp-json\/wp\/v2\/posts\/4492","targetHints":{"allow":["GET"]}}],"collection":[{"href":"http:\/\/fundaciolluiscoromina.org\/index.php\/wp-json\/wp\/v2\/posts"}],"about":[{"href":"http:\/\/fundaciolluiscoromina.org\/index.php\/wp-json\/wp\/v2\/types\/post"}],"author":[{"embeddable":true,"href":"http:\/\/fundaciolluiscoromina.org\/index.php\/wp-json\/wp\/v2\/users\/2"}],"replies":[{"embeddable":true,"href":"http:\/\/fundaciolluiscoromina.org\/index.php\/wp-json\/wp\/v2\/comments?post=4492"}],"version-history":[{"count":0,"href":"http:\/\/fundaciolluiscoromina.org\/index.php\/wp-json\/wp\/v2\/posts\/4492\/revisions"}],"wp:attachment":[{"href":"http:\/\/fundaciolluiscoromina.org\/index.php\/wp-json\/wp\/v2\/media?parent=4492"}],"wp:term":[{"taxonomy":"category","embeddable":true,"href":"http:\/\/fundaciolluiscoromina.org\/index.php\/wp-json\/wp\/v2\/categories?post=4492"},{"taxonomy":"post_tag","embeddable":true,"href":"http:\/\/fundaciolluiscoromina.org\/index.php\/wp-json\/wp\/v2\/tags?post=4492"}],"curies":[{"name":"wp","href":"https:\/\/api.w.org\/{rel}","templated":true}]}}