{"id":4498,"date":"2020-05-10T11:07:44","date_gmt":"2020-05-10T09:07:44","guid":{"rendered":"http:\/\/www.fundaciolluiscoromina.org\/?p=4498"},"modified":"2020-05-10T11:07:44","modified_gmt":"2020-05-10T09:07:44","slug":"laia-torrents-cabosanroque-a-banyoles-hi-ha-un-teixit-creatiu-molt-ric","status":"publish","type":"post","link":"http:\/\/fundaciolluiscoromina.org\/index.php\/2020\/05\/10\/laia-torrents-cabosanroque-a-banyoles-hi-ha-un-teixit-creatiu-molt-ric\/","title":{"rendered":"Laia Torrents (cabosanroque): \u00abA Banyoles hi ha un teixit creatiu molt ric\u00bb"},"content":{"rendered":"<p>La Fundaci\u00f3 Llu\u00eds Coromina ha donat el tret de sortida, aquest dijous 7 de maig, al cicle de converses en directe a trav\u00e9s d&#8217;Instagram per donar a con\u00e8ixer alguns dels projectes vinculats amb l&#8217;entitat. L&#8217;artista Laia Torrents, de cabosanroque, ha protagonitzat un di\u00e0leg juntament amb el director de la Fundaci\u00f3, Ricard Planas, en qu\u00e8 s&#8217;han anat donant detalls de la vinculaci\u00f3 de l&#8217;entitat amb aquest duo d&#8217;artistes sonors.<\/p>\n<p>La formaci\u00f3 va n\u00e9ixer el 2001 com un grup de m\u00fasica amb onze persones de perfils professionals tan distants com arquitectes i enginyers, amb la premissa que tots havien de tocar un instrument que no fos el seu. A partir del 2015, ja com a duo (Laia Torrents i Roger Aixut) es van instal\u00b7lar la\u00a0seu del Puntal &#8211; Laboratori de les Arts, un dels espais de <em>coworking<\/em> de la Fundaci\u00f3 juntament amb Barcelona, que conformen un ecosistema d&#8217;acolliment i relaci\u00f3 col\u00b7laborativa entre entitats culturals i socials. La realitat que els va dur a traslladar-se de Barcelona al Puntal va ser la situaci\u00f3 immobili\u00e0ria de la capital catalana i la falta d&#8217;espai per\u00a0dur a terme la creaci\u00f3 i producci\u00f3 de les seves obres. \u00abAls inicis fins i tot vam viure al Puntal, a l&#8217;espai reservat per la resid\u00e8ncia d&#8217;artistes, on tamb\u00e9 s&#8217;hi allotjaven peri\u00f2dicament els muntadors de les pel\u00b7l\u00edcules de l&#8217;Albert Serra\u00bb, va explicar Torrents.<\/p>\n<p>En aquest sentit, Ricard Planas va posar el focus de la conversa en la import\u00e0ncia de la deslocalitzaci\u00f3 de l\u2019artista\/creador de les grans ciutats, com ara Barcelona: \u00abLa vostra experi\u00e8ncia ens porta a pensar que ciutats de mida m\u00e9s redu\u00efda poden acollir m\u00e9s adequadament i retenir el talent\u00bb. Torrents va afegir la necessitat de reduir els aspectes m\u00e9s t\u00e8cnics i administratius: \u00abEn ocasions, en entorns m\u00e9s petits es tenen menys dificultats\u00bb. Aix\u00ed mateix, va puntualitzar que amb menys tr\u00e0mits \u00bb l&#8217;artista es pot centrar en la seva veritable tasca: la creaci\u00f3\u00bb.<\/p>\n<p>Precisament el proc\u00e9s creatiu de cabosanroque va centrar els seg\u00fcents minuts de conversa, en qu\u00e8 es va ressaltar el concepte de \u00abreaprofitament\u00bb i reciclatge com a elements centrals de la seva obra. Torrents va destacar que per a ells era molt important la idea de creaci\u00f3 a partir de la destrucci\u00f3: \u00abLa destrucci\u00f3 entesa com a descomposici\u00f3 dels seus elements, no com a eliminaci\u00f3 d&#8217;aquests\u00bb. Tamb\u00e9 va posar de manifest la gran capacitat creativa de les seves m\u00e0quines.<\/p>\n<p>Entre el p\u00fablic virtual es van generar diverses preguntes en el transcurs de la conversa, una de les quals sobre la relaci\u00f3 entre el duet d&#8217;artistes i el poble de Banyoles, i com aquesta ha influenciat la seva capacitat creadora.\u00a0Ricard Planas va introduir el que s\u2019havia generat en aquest sentit, com per exemple l\u2019acci\u00f3 el <em>Run Run dels Exploradors<\/em> per tal que alumnes de les escoles del Pla de l\u2019Estany poguessin viure experi\u00e8ncies sensorials interactuant amb la m\u00fasica generada per les m\u00e0quines \/ artefactes de cabosanroque.\u00a0Laia Torrents va destacar que existeix a Banyoles un ric teixit de creadors sensibles a les arts com ara dissenyadors, programadors, m\u00fasics, artistes pl\u00e0stics o fot\u00f2grafs, un fet que els ha facilitat poder-hi col\u00b7laborar durant aquests anys.<\/p>\n<p>Una altra q\u00fcesti\u00f3 que va sorgir entre l&#8217;aud\u00e8ncia va ser el proc\u00e9s creatiu que segueixen. Segons Torrents, diposen de m\u00e0quines i artefactes en un magatzem per\u00f2 creen a partir d&#8217;un disseny, no dels elements de qu\u00e8 disposen: \u00abEl nostre proc\u00e9s creatiu passa per dissenyar l&#8217;obra i despr\u00e9s anem a buscar els elements que necessitem per dur-la a terme\u00bb.<\/p>\n<p>Sobre l\u2019actual realitat del Covid-19, Torrents va destacar que \u00e9s una situaci\u00f3 de molt incertesa sobretot pel que fa als espais d\u2019exihibici\u00f3. Tamb\u00e9 va posar de relleu que les seves obres semblen pensades per \u00e8poques de pand\u00e8mia, ja que compleixen els requisits a nivell de dist\u00e0ncies: \u00abS\u00f3n obres pensades per viure una experi\u00e8ncia individual\u00bb. \u00c9s el cas de \u00abNo em va fer Joan Brossa\u00bb, o la que es va estrenar en la darrera edici\u00f3 del Festival Temporada Alta: \u00abDimonis\u00bb, de les quals durant el transcurs de la conversa es van poder veure imatges.<\/p>\n<p>La pr\u00f2xima conversa en directe ser\u00e0 el dijous 14 de maig a les 19 h amb el cineasta Albert Serra (Andergraun Films).<\/p>\n<p>&nbsp;<\/p>\n<p><a href=\"http:\/\/www.fundaciolluiscoromina.org\/wp-content\/uploads\/2020\/05\/d72a87bb-9afe-4fd6-b174-650a1fbb4f16.jpg\"><img loading=\"lazy\" decoding=\"async\" class=\"alignnone size-large wp-image-4519\" src=\"http:\/\/www.fundaciolluiscoromina.org\/wp-content\/uploads\/2020\/05\/d72a87bb-9afe-4fd6-b174-650a1fbb4f16-1024x847.jpg\" alt=\"\" width=\"1024\" height=\"847\" \/><\/a> <a href=\"http:\/\/www.fundaciolluiscoromina.org\/wp-content\/uploads\/2020\/05\/c8c989c7-2d4a-465f-93c0-f3162b5fb854.jpg\"><img loading=\"lazy\" decoding=\"async\" class=\"alignnone size-large wp-image-4520\" src=\"http:\/\/www.fundaciolluiscoromina.org\/wp-content\/uploads\/2020\/05\/c8c989c7-2d4a-465f-93c0-f3162b5fb854-1024x683.jpg\" alt=\"\" width=\"1024\" height=\"683\" \/><\/a> <a href=\"http:\/\/www.fundaciolluiscoromina.org\/wp-content\/uploads\/2020\/05\/4a616bd4-45d5-4471-b43d-722f6a7f0841.jpg\"><img loading=\"lazy\" decoding=\"async\" class=\"alignnone size-large wp-image-4521\" src=\"http:\/\/www.fundaciolluiscoromina.org\/wp-content\/uploads\/2020\/05\/4a616bd4-45d5-4471-b43d-722f6a7f0841-1024x683.jpg\" alt=\"\" width=\"1024\" height=\"683\" \/><\/a> <a href=\"http:\/\/www.fundaciolluiscoromina.org\/wp-content\/uploads\/2020\/05\/98c208af-34e9-418f-af0b-a32979d87fe7.jpg\"><img loading=\"lazy\" decoding=\"async\" class=\"alignnone size-large wp-image-4522\" src=\"http:\/\/www.fundaciolluiscoromina.org\/wp-content\/uploads\/2020\/05\/98c208af-34e9-418f-af0b-a32979d87fe7-1024x683.jpg\" alt=\"\" width=\"1024\" height=\"683\" \/><\/a><\/p>\n","protected":false},"excerpt":{"rendered":"<p>La Fundaci\u00f3 Llu\u00eds Coromina ha donat el tret de sortida, aquest dijous 7 de maig, al cicle de converses en &#8230;<\/p>\n","protected":false},"author":2,"featured_media":4485,"comment_status":"open","ping_status":"open","sticky":false,"template":"","format":"standard","meta":{"footnotes":""},"categories":[10],"tags":[],"class_list":["post-4498","post","type-post","status-publish","format-standard","has-post-thumbnail","hentry","category-activitats"],"_links":{"self":[{"href":"http:\/\/fundaciolluiscoromina.org\/index.php\/wp-json\/wp\/v2\/posts\/4498","targetHints":{"allow":["GET"]}}],"collection":[{"href":"http:\/\/fundaciolluiscoromina.org\/index.php\/wp-json\/wp\/v2\/posts"}],"about":[{"href":"http:\/\/fundaciolluiscoromina.org\/index.php\/wp-json\/wp\/v2\/types\/post"}],"author":[{"embeddable":true,"href":"http:\/\/fundaciolluiscoromina.org\/index.php\/wp-json\/wp\/v2\/users\/2"}],"replies":[{"embeddable":true,"href":"http:\/\/fundaciolluiscoromina.org\/index.php\/wp-json\/wp\/v2\/comments?post=4498"}],"version-history":[{"count":0,"href":"http:\/\/fundaciolluiscoromina.org\/index.php\/wp-json\/wp\/v2\/posts\/4498\/revisions"}],"wp:attachment":[{"href":"http:\/\/fundaciolluiscoromina.org\/index.php\/wp-json\/wp\/v2\/media?parent=4498"}],"wp:term":[{"taxonomy":"category","embeddable":true,"href":"http:\/\/fundaciolluiscoromina.org\/index.php\/wp-json\/wp\/v2\/categories?post=4498"},{"taxonomy":"post_tag","embeddable":true,"href":"http:\/\/fundaciolluiscoromina.org\/index.php\/wp-json\/wp\/v2\/tags?post=4498"}],"curies":[{"name":"wp","href":"https:\/\/api.w.org\/{rel}","templated":true}]}}