{"id":4502,"date":"2020-05-09T13:25:42","date_gmt":"2020-05-09T11:25:42","guid":{"rendered":"http:\/\/www.fundaciolluiscoromina.org\/?p=4502"},"modified":"2020-05-09T13:25:42","modified_gmt":"2020-05-09T11:25:42","slug":"un-audiovisual-retrospectiu-inedit-per-girona-temps-de-flors","status":"publish","type":"post","link":"http:\/\/fundaciolluiscoromina.org\/index.php\/2020\/05\/09\/un-audiovisual-retrospectiu-inedit-per-girona-temps-de-flors\/","title":{"rendered":"Audiovisual in\u00e8dit per \u00abGirona Temps de Flors\u00bb"},"content":{"rendered":"<p>Un dels esdeveniments m\u00e9s emblem\u00e0tics que <strong>Girona<\/strong> acull durant l&#8217;any \u00e9s el <strong>Temps de Flor<\/strong>s; una proposta que permet con\u00e8ixer el ric patrimoni arquitect\u00f2nic d&#8217;aquesta ciutat, ja que s&#8217;obren els edificis m\u00e9s rellevants del barri vell i on trobem instal\u00b7lacions florals ef\u00edmeres, creades per autors d&#8217;arreu del m\u00f3n i de gran bellesa i qualitat. Enguany, la <strong>65\u00e8 edici\u00f3<\/strong> que s&#8217;inaugurava avui i fins al 17 de maig va quedar cancel\u00b7lada per la pand\u00e8mia que es pateix arreu del planeta. Amb tot, des de la <strong>Fundaci\u00f3 Llu\u00eds Coromina<\/strong> i amb la complicitat de la revista <strong>bonart cultural<\/strong> i la productora\u00a0 <strong>CCT Produccions<\/strong> hem creat un \u00abTemps de Flors\u00bb virtual i in\u00e8dit mitjan\u00e7ant un audiovisual amb imatges enregistrades des de l&#8217;any 2000 pel videoartista <strong>Carlus Camps<\/strong>.<\/p>\n<p>La base visual del nou documental \u00e9s \u00ab<strong>La M\u00e0gia del Temps de Flors<\/strong>\u00bb de l&#8217;any 2012, creat amb format 16:9. Una part del text del documental fou elaborat per <strong>Pep Bosch<\/strong>, l&#8217;any 2000 un dels primers guies de la ciutat. A banda, en el document trobem la veu en off de l&#8217;actriu <strong>Cristina Cervi\u00e0<\/strong> i del tamb\u00e9 actor <strong>Jordi Coromina. <\/strong>Tamb\u00e9 hi veiem una minitert\u00falia amb<strong> Maria Cobers\u00ed, <\/strong>fundadora del certamen<strong>, Rosa Maria Labayen <\/strong>i <strong>Josep Tarr\u00e8s<\/strong>, tots ells impulsors de la mostra des dels seus or\u00edgens. Completen el treball, imatges de l&#8217;exposici\u00f3 dels anys 2017, 2018 i 2019 i una visi\u00f3 multipantalla de patis i jardins enregistrats a les exposicions dels anys, 2000 i 2002.<\/p>\n<p>&nbsp;<\/p>\n<p><strong>mirar l&#8217;audiovisual<\/strong>\u00a0 <a href=\"http:\/\/vimeo.com\/416558240\">TEMPS DE FLORS<\/a><\/p>\n<p>&nbsp;<\/p>\n<p><a href=\"http:\/\/www.fundaciolluiscoromina.org\/wp-content\/uploads\/2020\/05\/2020-la-Magia-f-escales-japo\u0301.jpg\"><img loading=\"lazy\" decoding=\"async\" class=\"alignnone size-large wp-image-4513\" src=\"http:\/\/www.fundaciolluiscoromina.org\/wp-content\/uploads\/2020\/05\/2020-la-Magia-f-escales-japo\u0301-1024x576.jpg\" alt=\"\" width=\"1024\" height=\"576\" \/><\/a><\/p>\n","protected":false},"excerpt":{"rendered":"<p>Un dels esdeveniments m\u00e9s emblem\u00e0tics que Girona acull durant l&#8217;any \u00e9s el Temps de Flors; una proposta que permet con\u00e8ixer &#8230;<\/p>\n","protected":false},"author":2,"featured_media":4509,"comment_status":"open","ping_status":"open","sticky":false,"template":"","format":"standard","meta":{"footnotes":""},"categories":[14,15,10,9],"tags":[24,91],"class_list":["post-4502","post","type-post","status-publish","format-standard","has-post-thumbnail","hentry","category-accions-culturals","category-accions-socials","category-activitats","category-historic","tag-art","tag-fundacio-lluis-coromina"],"_links":{"self":[{"href":"http:\/\/fundaciolluiscoromina.org\/index.php\/wp-json\/wp\/v2\/posts\/4502","targetHints":{"allow":["GET"]}}],"collection":[{"href":"http:\/\/fundaciolluiscoromina.org\/index.php\/wp-json\/wp\/v2\/posts"}],"about":[{"href":"http:\/\/fundaciolluiscoromina.org\/index.php\/wp-json\/wp\/v2\/types\/post"}],"author":[{"embeddable":true,"href":"http:\/\/fundaciolluiscoromina.org\/index.php\/wp-json\/wp\/v2\/users\/2"}],"replies":[{"embeddable":true,"href":"http:\/\/fundaciolluiscoromina.org\/index.php\/wp-json\/wp\/v2\/comments?post=4502"}],"version-history":[{"count":0,"href":"http:\/\/fundaciolluiscoromina.org\/index.php\/wp-json\/wp\/v2\/posts\/4502\/revisions"}],"wp:attachment":[{"href":"http:\/\/fundaciolluiscoromina.org\/index.php\/wp-json\/wp\/v2\/media?parent=4502"}],"wp:term":[{"taxonomy":"category","embeddable":true,"href":"http:\/\/fundaciolluiscoromina.org\/index.php\/wp-json\/wp\/v2\/categories?post=4502"},{"taxonomy":"post_tag","embeddable":true,"href":"http:\/\/fundaciolluiscoromina.org\/index.php\/wp-json\/wp\/v2\/tags?post=4502"}],"curies":[{"name":"wp","href":"https:\/\/api.w.org\/{rel}","templated":true}]}}