{"id":452,"date":"2011-06-24T17:13:13","date_gmt":"2011-06-24T17:13:13","guid":{"rendered":"https:\/\/espaieatart.wordpress.com\/2011\/06\/24\/lespai-eat-art-al-forum-impulsa-de-girona\/"},"modified":"2011-06-24T17:13:13","modified_gmt":"2011-06-24T17:13:13","slug":"lespai-eat-art-al-forum-impulsa-de-girona","status":"publish","type":"post","link":"http:\/\/fundaciolluiscoromina.org\/index.php\/2011\/06\/24\/lespai-eat-art-al-forum-impulsa-de-girona\/","title":{"rendered":"Les empreses banyolines Sixtemia i Andreu Carulla, del Llu\u00eds Vil\u00e0 Showroom al F\u00f2rum Impulsa 2011 de Girona"},"content":{"rendered":"<p><a href=\"http:\/\/espaieatart.files.wordpress.com\/2011\/06\/20110624-193007.jpg\"><img loading=\"lazy\" decoding=\"async\" class=\"alignnone size-full\" src=\"http:\/\/espaieatart.files.wordpress.com\/2011\/06\/20110624-193007.jpg\" alt=\"20110624-193007.jpg\" width=\"285\" height=\"194\" \/><\/a><a href=\"http:\/\/espaieatart.files.wordpress.com\/2011\/06\/20110624-193034.jpg\"><img loading=\"lazy\" decoding=\"async\" class=\"alignnone size-full\" src=\"http:\/\/espaieatart.files.wordpress.com\/2011\/06\/20110624-193034.jpg\" alt=\"20110624-193034.jpg\" width=\"285\" height=\"194\" \/><\/a><\/p>\n<p>Despr\u00e9s de la visita de Josep Lagares, ceo de Metalqu\u00edmia i un dels directors del f\u00f2rum Impulsa de girona \u2013el segon per l&#8217;esquerra\u2013, a l&#8217;espai eat art i al showroom llu\u00eds vil\u00e0 de banyoles fa unes setmanes per inaugurar l&#8217;espai, dos joves emprenadors de la ciutat van participar en aquest esdeveniment de primer nivell mundial. Andreu Carulla, dissenyador industrial, i l&#8217;empresa Sixtemia -Marc Coll i Josep Maria Teixidor- van ser els dos seleccionats per ser presents a l&#8217;esdeveniment. El director de l&#8217;espai eat art i director de bonart cultural, Ricard Planas, tamb\u00e9 hi va ser present.<\/p>\n","protected":false},"excerpt":{"rendered":"<p>Despr\u00e9s de la visita de Josep Lagares, ceo de Metalqu\u00edmia i un dels directors del f\u00f2rum Impulsa de girona \u2013el &#8230;<\/p>\n","protected":false},"author":1,"featured_media":1881,"comment_status":"open","ping_status":"open","sticky":false,"template":"","format":"standard","meta":{"footnotes":""},"categories":[9],"tags":[],"class_list":["post-452","post","type-post","status-publish","format-standard","has-post-thumbnail","hentry","category-historic"],"_links":{"self":[{"href":"http:\/\/fundaciolluiscoromina.org\/index.php\/wp-json\/wp\/v2\/posts\/452","targetHints":{"allow":["GET"]}}],"collection":[{"href":"http:\/\/fundaciolluiscoromina.org\/index.php\/wp-json\/wp\/v2\/posts"}],"about":[{"href":"http:\/\/fundaciolluiscoromina.org\/index.php\/wp-json\/wp\/v2\/types\/post"}],"author":[{"embeddable":true,"href":"http:\/\/fundaciolluiscoromina.org\/index.php\/wp-json\/wp\/v2\/users\/1"}],"replies":[{"embeddable":true,"href":"http:\/\/fundaciolluiscoromina.org\/index.php\/wp-json\/wp\/v2\/comments?post=452"}],"version-history":[{"count":0,"href":"http:\/\/fundaciolluiscoromina.org\/index.php\/wp-json\/wp\/v2\/posts\/452\/revisions"}],"wp:attachment":[{"href":"http:\/\/fundaciolluiscoromina.org\/index.php\/wp-json\/wp\/v2\/media?parent=452"}],"wp:term":[{"taxonomy":"category","embeddable":true,"href":"http:\/\/fundaciolluiscoromina.org\/index.php\/wp-json\/wp\/v2\/categories?post=452"},{"taxonomy":"post_tag","embeddable":true,"href":"http:\/\/fundaciolluiscoromina.org\/index.php\/wp-json\/wp\/v2\/tags?post=452"}],"curies":[{"name":"wp","href":"https:\/\/api.w.org\/{rel}","templated":true}]}}