{"id":4534,"date":"2020-05-18T19:16:26","date_gmt":"2020-05-18T17:16:26","guid":{"rendered":"http:\/\/www.fundaciolluiscoromina.org\/?p=4534"},"modified":"2020-05-18T19:16:26","modified_gmt":"2020-05-18T17:16:26","slug":"albert-serra-en-les-meves-pellicules-al-paisatge-no-se-ladmira-se-lutilitza","status":"publish","type":"post","link":"http:\/\/fundaciolluiscoromina.org\/index.php\/2020\/05\/18\/albert-serra-en-les-meves-pellicules-al-paisatge-no-se-ladmira-se-lutilitza\/","title":{"rendered":"Albert Serra: \u201cEn les meves pel\u00b7l\u00edcules al paisatge no se l\u2019admira, se l\u2019utilitza\u201d"},"content":{"rendered":"<p>El cineasta banyol\u00ed Albert Serra ha estat el protagonista de la segona conversa en directe per Instagram de la Fundaci\u00f3 Llu\u00eds Coromina. Aquest cicle vol donar a con\u00e8ixer alguns dels projectes vinculats a l\u2019entitat. Juntament amb Ricard Planas, director de la Fundaci\u00f3, han anat desgranant detalls de la seva vinculaci\u00f3 amb la Fundaci\u00f3 i amb Banyoles i tot el que simbolitza el seu treball, amb una especial menci\u00f3 a la tem\u00e0tica \u201cLa natura com a personatge\u201d.<\/p>\n<p>Actualment, Albert Serra i la productora Andergraun Films estan ubicats a l\u2019Espai Isern Dalmau de la Fundaci\u00f3 Llu\u00eds Coromina a Barcelona. Malgrat aix\u00f2, la relaci\u00f3 d\u2019Albert Serra amb Banyoles continua molt estreta (curiosament, la Fundaci\u00f3 est\u00e0 ubicada al mateix carrer on va n\u00e9ixer Serra). Segons l\u2019artista, Banyoles ha estat, al llarg de la seva vida, l\u2019h\u00e0bitat on s\u2019ha forjat el seu univers m\u00e9s hum\u00e0, ja que molts dels seus col\u00b7laboradors s\u00f3n d\u2019aquesta poblaci\u00f3. Aix\u00ed mateix, va posar de relleu que des d\u2019una visi\u00f3 creativa, \u00e9s irrellevant el fet de viure en una gran urbs com pot ser Nova York: \u201cresidir en una petita ciutat no genera tantes distraccions com en una gran ciutat\u201d.<\/p>\n<p>Pel que fa a la seva filosofia de treball, Albert Serra va comentar que s\u2019havia creat a partir de la figura de \u201cl\u2019artista frustrat\u201d: \u201cEn vaig con\u00e8ixer molts i d\u2019alguna manera m\u2019han guiat. No per ser fracassats deixaven de considerar-se artistes\u201d. I aix\u00f2 m\u2019ha inspirat\u201d. En aquest sentit, des del primer dia van tenir clar que calia tenir una visi\u00f3 internacional, en una \u00e8poca de pocs prejudicis de com s\u2019havia de fer el cinema i alhora en els inicis de la revoluci\u00f3 digital. Es reivindicava aix\u00ed com a pioners en crear produccions digitals des de casa.<\/p>\n<p>La figura de Salvador Dal\u00ed \u00e9s present en l\u2019univers d\u2019Albert Serra i aix\u00ed ho va posar de manifest Ricard Planas. Segons Serra, coincideix amb Dal\u00ed sobretot pel que fa a all\u00f2 que el geni empordan\u00e8s definia com \u201cde l\u2019ultralocal a l\u2019universal\u201d.<\/p>\n<p>La import\u00e0ncia de la natura en l\u2019obra de cineasta va centrar els seg\u00fcents minuts de conversa. Ricard Planas va subratllar el fet que la natura \u00e9s com un personatge m\u00e9s en les seves creacions, i Albert Serra va matisar: \u201cEstem parlant d\u2019un paisatge que no se l\u2019admira, sin\u00f3 que se l\u2019utilitza\u201d. La seva darrera pel\u00b7l\u00edcula, <em>Libert\u00e9<\/em>, \u00e9s una mostra de la utilitzaci\u00f3 del paisatge per part del creador: no se sap si est\u00e0 gravat en un decorat d\u2019estudi o \u00e9s natural, i aix\u00f2 es deu a la tensi\u00f3 generada. \u201cLa natura \u00e9s quelcom per ser transformada a trav\u00e9s de la petjada del temps sota la mirada de l\u2019artista\u201d, va afegir Serra.<\/p>\n<p>Seguint amb la darrera producci\u00f3, <em>Libert\u00e9<\/em>, Ricard Planas va posar sobre la taula l\u2019extraordin\u00e0ria experi\u00e8ncia de veure, al museu Reina Sof\u00eda, una instal\u00b7laci\u00f3 immersiva de la pr\u00f2pia pel\u00b7l\u00edcula, un fet que subratlla la import\u00e0ncia de trencar els propis l\u00edmits del concepte del cinema. \u201cPossiblement era m\u00e9s forta l\u2019experi\u00e8ncia f\u00edsica i emocional en la instal\u00b7laci\u00f3 que en la pel\u00b7l\u00edcula, que t\u00e9 un impacte m\u00e9s intel\u00b7lectual i una major problem\u00e0tica moral. Per\u00f2 s\u00f3n complement\u00e0ries les dues posades en escena\u201d, va concloure Serra.<\/p>\n<p>Referent a la situaci\u00f3 actual del Covid-19, Serra va comentar que no s\u2019estan veient afectats ja que l\u2019estrena de la pel\u00b7l\u00edcula estava pr\u00e0cticament realitzada. Malgrat aix\u00f2, en pa\u00efsos com els EUA s\u2019ha estrenat a trav\u00e9s de plataformes on line, cosa que s\u00ed que canvia: \u201cno \u00e9s l\u2019ideal, perqu\u00e8 aquesta pel\u00b7l\u00edcula t\u00e9 un impacte f\u00edsic i emocional; no \u00e9s el mateix veure-la col\u00b7lectivament que sol en petita pantalla\u201d.<\/p>\n<p>Sobre els projectes de futur, Albert Serra va anunciar que est\u00e0 treballant en una nova pel\u00b7l\u00edcula amb una realitat molt actual al voltant de les relacions d\u2019avui en dia, i que es filmar\u00e0 a partir de l\u2019agost a la Polin\u00e8sia francesa. \u201cLa vanitat, el control de la pr\u00f2pia imatge i la manipulaci\u00f3 a l\u2019hora de relacionar-nos amb les altres persones formaran part de la nova producci\u00f3\u201d.<\/p>\n<p>La pr\u00f2xima conversa en directe ser\u00e0 el dijous 21 de maig a les 19 h amb Jordi Juan\u00f3s, director de l\u2019entitat Plant for the Planet.<\/p>\n<p>&nbsp;<\/p>\n","protected":false},"excerpt":{"rendered":"<p>El cineasta banyol\u00ed Albert Serra ha estat el protagonista de la segona conversa en directe per Instagram de la Fundaci\u00f3 &#8230;<\/p>\n","protected":false},"author":2,"featured_media":4493,"comment_status":"open","ping_status":"open","sticky":false,"template":"","format":"standard","meta":{"footnotes":""},"categories":[10],"tags":[159,243,248,245],"class_list":["post-4534","post","type-post","status-publish","format-standard","has-post-thumbnail","hentry","category-activitats","tag-albert-serra","tag-cinema","tag-converses","tag-instagram"],"_links":{"self":[{"href":"http:\/\/fundaciolluiscoromina.org\/index.php\/wp-json\/wp\/v2\/posts\/4534","targetHints":{"allow":["GET"]}}],"collection":[{"href":"http:\/\/fundaciolluiscoromina.org\/index.php\/wp-json\/wp\/v2\/posts"}],"about":[{"href":"http:\/\/fundaciolluiscoromina.org\/index.php\/wp-json\/wp\/v2\/types\/post"}],"author":[{"embeddable":true,"href":"http:\/\/fundaciolluiscoromina.org\/index.php\/wp-json\/wp\/v2\/users\/2"}],"replies":[{"embeddable":true,"href":"http:\/\/fundaciolluiscoromina.org\/index.php\/wp-json\/wp\/v2\/comments?post=4534"}],"version-history":[{"count":0,"href":"http:\/\/fundaciolluiscoromina.org\/index.php\/wp-json\/wp\/v2\/posts\/4534\/revisions"}],"wp:attachment":[{"href":"http:\/\/fundaciolluiscoromina.org\/index.php\/wp-json\/wp\/v2\/media?parent=4534"}],"wp:term":[{"taxonomy":"category","embeddable":true,"href":"http:\/\/fundaciolluiscoromina.org\/index.php\/wp-json\/wp\/v2\/categories?post=4534"},{"taxonomy":"post_tag","embeddable":true,"href":"http:\/\/fundaciolluiscoromina.org\/index.php\/wp-json\/wp\/v2\/tags?post=4534"}],"curies":[{"name":"wp","href":"https:\/\/api.w.org\/{rel}","templated":true}]}}