{"id":4536,"date":"2020-05-18T14:20:35","date_gmt":"2020-05-18T12:20:35","guid":{"rendered":"http:\/\/www.fundaciolluiscoromina.org\/?p=4536"},"modified":"2020-05-18T14:20:35","modified_gmt":"2020-05-18T12:20:35","slug":"jordi-juanos-director-de-plant-for-the-planet-a-la-proxima-conversa-en-directe-de-la-fundacio-lluis-coromina","status":"publish","type":"post","link":"http:\/\/fundaciolluiscoromina.org\/index.php\/2020\/05\/18\/jordi-juanos-director-de-plant-for-the-planet-a-la-proxima-conversa-en-directe-de-la-fundacio-lluis-coromina\/","title":{"rendered":"Jordi Juan\u00f3s, director de Plant for the planet, a la pr\u00f2xima conversa en directe de la Fundaci\u00f3 Llu\u00eds Coromina"},"content":{"rendered":"<p>Plant-for-the-Planet \u00e9s un moviment de nens, nenes i joves d&#8217;arreu del m\u00f3n que treballen coordinats per donar solucions a l&#8217;emerg\u00e8ncia clim\u00e0tica que ens afecta en els nostres respectius territoris.\u00a0 Des de la Fundaci\u00f3 Plant-for-the-Planet es treballa en la seva identificaci\u00f3 i capacitaci\u00f3 i tamb\u00e9 s&#8217;ajuda a empreses i institucions a assolir la seva neutralitat clim\u00e0tica, \u00e9s a dir, que un cop mesurades les seves emissions de\u00a0CO2, tinguin mecanismes per a la compensaci\u00f3 de les que no hagin pogut mitigar. I ho fan a trav\u00e9s de la plantaci\u00f3 d&#8217;arbres tant a Catalunya com a la resta de l&#8217;Estat espanyol, aix\u00ed com en la seva pr\u00f2pia finca Rancho Las Am\u00e9ricas, situada a l&#8217;estat de Campeche, M\u00e8xic.\u00a0 El seu lema \u00e9s: <em>Stop Talking, Start Planting<\/em>.<\/p>\n<p>El seu director, Jordi Juan\u00f3s, protagonitzar\u00e0 la pr\u00f2xima conversa en directe a trav\u00e9s de l&#8217;Instagram de la Fundaci\u00f3 Llu\u00eds Coromina, juntament amb el coordinador de l&#8217;entitat, Daniel Fuentes, el dijous 21 de maig a les 19 h. Les persones que segueixin la conversa i vulguin formular alguna q\u00fcesti\u00f3, podran enviar les seves preguntes durant el directe.<\/p>\n<p>&nbsp;<\/p>\n","protected":false},"excerpt":{"rendered":"<p>Plant-for-the-Planet \u00e9s un moviment de nens, nenes i joves d&#8217;arreu del m\u00f3n que treballen coordinats per donar solucions a l&#8217;emerg\u00e8ncia &#8230;<\/p>\n","protected":false},"author":2,"featured_media":4538,"comment_status":"open","ping_status":"open","sticky":false,"template":"","format":"standard","meta":{"footnotes":""},"categories":[10],"tags":[246,247,244,49],"class_list":["post-4536","post","type-post","status-publish","format-standard","has-post-thumbnail","hentry","category-activitats","tag-clima","tag-emergencia-climatica","tag-fundacio","tag-medi-ambient"],"_links":{"self":[{"href":"http:\/\/fundaciolluiscoromina.org\/index.php\/wp-json\/wp\/v2\/posts\/4536","targetHints":{"allow":["GET"]}}],"collection":[{"href":"http:\/\/fundaciolluiscoromina.org\/index.php\/wp-json\/wp\/v2\/posts"}],"about":[{"href":"http:\/\/fundaciolluiscoromina.org\/index.php\/wp-json\/wp\/v2\/types\/post"}],"author":[{"embeddable":true,"href":"http:\/\/fundaciolluiscoromina.org\/index.php\/wp-json\/wp\/v2\/users\/2"}],"replies":[{"embeddable":true,"href":"http:\/\/fundaciolluiscoromina.org\/index.php\/wp-json\/wp\/v2\/comments?post=4536"}],"version-history":[{"count":0,"href":"http:\/\/fundaciolluiscoromina.org\/index.php\/wp-json\/wp\/v2\/posts\/4536\/revisions"}],"wp:attachment":[{"href":"http:\/\/fundaciolluiscoromina.org\/index.php\/wp-json\/wp\/v2\/media?parent=4536"}],"wp:term":[{"taxonomy":"category","embeddable":true,"href":"http:\/\/fundaciolluiscoromina.org\/index.php\/wp-json\/wp\/v2\/categories?post=4536"},{"taxonomy":"post_tag","embeddable":true,"href":"http:\/\/fundaciolluiscoromina.org\/index.php\/wp-json\/wp\/v2\/tags?post=4536"}],"curies":[{"name":"wp","href":"https:\/\/api.w.org\/{rel}","templated":true}]}}