{"id":4542,"date":"2020-05-25T11:18:01","date_gmt":"2020-05-25T09:18:01","guid":{"rendered":"http:\/\/www.fundaciolluiscoromina.org\/?p=4542"},"modified":"2020-05-25T11:18:01","modified_gmt":"2020-05-25T09:18:01","slug":"jordi-juanos-aquests-nens-i-nenes-son-els-futurs-liders-climatics-del-planeta","status":"publish","type":"post","link":"http:\/\/fundaciolluiscoromina.org\/index.php\/2020\/05\/25\/jordi-juanos-aquests-nens-i-nenes-son-els-futurs-liders-climatics-del-planeta\/","title":{"rendered":"Jordi Juan\u00f3s: \u201cAquests nens i nenes s\u00f3n els futurs l\u00edders clim\u00e0tics del planeta\u201d"},"content":{"rendered":"<p>Des d\u2019una dimensi\u00f3 local per\u00f2 d\u2019abast mundial, l\u2019entitat Plant for the planet es va crear l\u2019any 2007 a partir de la iniciativa d\u2019un nen alemany de 9 anys. El seu director, Jordi Juan\u00f3s, ens d\u00f3na detalls dels seus objectius, en la tercera conversa en directe per instagram de la Fundaci\u00f3, en aquesta ocasi\u00f3, amb el coordinador Daniel Fuentes.<\/p>\n<p>\u201cA classe li van encarregar un treball sobre canvi clim\u00e0tic i va veure que els adults no estaven fent el que havien de fer. Aix\u00ed va comen\u00e7ar un projecte amb altres nens de l\u2019escola, del poble i va arribar a la conclusi\u00f3 que el millor que podrien fer els nens era plantar arbres\u201d, comenta Juan\u00f3s. Segons el director de l\u2019entitat, els arbres \u201cs\u00f3n l\u2019\u00fanica m\u00e0quina natural que \u00e9s capa\u00e7 de convertir el CO2 en ox\u00edgen, el que ens d\u00f3na vida al planeta. La idea \u00e9s plantar un bili\u00f3 d\u2019arbres, que \u00e9s el que s\u2019ha calculat que serviria per capturar un 25% de les emissions de CO2 i conservar l\u2019augment de la temperatura del planeta per sota dels 2 graus\u201d.<\/p>\n<p>Un altre focus d\u2019acci\u00f3 de Plant for the planet, \u00e9s la figura dels infants com a desenvolupament dels seus valors i de la seva consci\u00e8ncia. \u00c9s a dir, identificar nens i nenes, nois i noies, entre 10 i 18 anys amb capacitat de lideratge que puguin fer d\u2019ambaixadors i ambaixadores per l\u2019emerg\u00e8ncia clim\u00e0tica. Segons Juan\u00f3s, \u201cs\u00f3n els futurs l\u00edders clim\u00e0tics del planeta.\u201d<\/p>\n<p>Aix\u00ed mateix, per a l\u2019entitat pren molta import\u00e0ncia actuar des del m\u00f3n local per aconseguir efectes a nivell global: \u201cHem treballat al voltant de 90 pa\u00efsos, 85.000 nens i nenes en total. L\u2019any passat van passar per les nostres acad\u00e8mies un miler d\u2019infants\u201d.<\/p>\n<p>Qui vulgui col\u00b7laborar-hi pot fer-ho a trav\u00e9s de l\u2019APP, amb la qual es pot plantar un arbre a qualsevol lloc del m\u00f3n, a preus molt assequibles. \u201cEls arbres s\u2019han de plantar b\u00e9, tenint en compte quines esp\u00e8cies es planten a quins llocs, i fent el manteniment convenient\u201d. A les comarques gironines s\u2019han dut a terme diverses iniciatives, com una de recent de replantaci\u00f3 d\u2019arbres a Salt, en una activitat popular a la zona del riu Ter. I tamb\u00e9 es duran a terme diverses accions al territori per recuperar i augmentar la biodiversitat en zones que han patit incendis. \u201cL\u2019objectiu \u00e9s plantar 100 milions d\u2019arbres arreu del m\u00f3n d\u2019aqu\u00ed al 2030\u201d.<\/p>\n<p>&nbsp;<\/p>\n<p>&nbsp;<\/p>\n<p>&nbsp;<\/p>\n","protected":false},"excerpt":{"rendered":"<p>Des d\u2019una dimensi\u00f3 local per\u00f2 d\u2019abast mundial, l\u2019entitat Plant for the planet es va crear l\u2019any 2007 a partir de &#8230;<\/p>\n","protected":false},"author":2,"featured_media":4538,"comment_status":"open","ping_status":"open","sticky":false,"template":"","format":"standard","meta":{"footnotes":""},"categories":[10],"tags":[247,91,249],"class_list":["post-4542","post","type-post","status-publish","format-standard","has-post-thumbnail","hentry","category-activitats","tag-emergencia-climatica","tag-fundacio-lluis-coromina","tag-plant-for-the-planet"],"_links":{"self":[{"href":"http:\/\/fundaciolluiscoromina.org\/index.php\/wp-json\/wp\/v2\/posts\/4542","targetHints":{"allow":["GET"]}}],"collection":[{"href":"http:\/\/fundaciolluiscoromina.org\/index.php\/wp-json\/wp\/v2\/posts"}],"about":[{"href":"http:\/\/fundaciolluiscoromina.org\/index.php\/wp-json\/wp\/v2\/types\/post"}],"author":[{"embeddable":true,"href":"http:\/\/fundaciolluiscoromina.org\/index.php\/wp-json\/wp\/v2\/users\/2"}],"replies":[{"embeddable":true,"href":"http:\/\/fundaciolluiscoromina.org\/index.php\/wp-json\/wp\/v2\/comments?post=4542"}],"version-history":[{"count":0,"href":"http:\/\/fundaciolluiscoromina.org\/index.php\/wp-json\/wp\/v2\/posts\/4542\/revisions"}],"wp:attachment":[{"href":"http:\/\/fundaciolluiscoromina.org\/index.php\/wp-json\/wp\/v2\/media?parent=4542"}],"wp:term":[{"taxonomy":"category","embeddable":true,"href":"http:\/\/fundaciolluiscoromina.org\/index.php\/wp-json\/wp\/v2\/categories?post=4542"},{"taxonomy":"post_tag","embeddable":true,"href":"http:\/\/fundaciolluiscoromina.org\/index.php\/wp-json\/wp\/v2\/tags?post=4542"}],"curies":[{"name":"wp","href":"https:\/\/api.w.org\/{rel}","templated":true}]}}