{"id":4544,"date":"2020-05-25T18:22:13","date_gmt":"2020-05-25T16:22:13","guid":{"rendered":"http:\/\/www.fundaciolluiscoromina.org\/?p=4544"},"modified":"2020-05-25T18:22:13","modified_gmt":"2020-05-25T16:22:13","slug":"el-reconegut-fotograf-tino-soriano-a-la-proxima-conversa-en-directe-per-instagram","status":"publish","type":"post","link":"http:\/\/fundaciolluiscoromina.org\/index.php\/2020\/05\/25\/el-reconegut-fotograf-tino-soriano-a-la-proxima-conversa-en-directe-per-instagram\/","title":{"rendered":"El reconegut fot\u00f2graf Tino Soriano, a la pr\u00f2xima conversa en directe per Instagram"},"content":{"rendered":"<p>El reconegut fot\u00f2graf Tino Soriano ser\u00e0 el protagonista de la pr\u00f2xima conversa en directe per Instagram de la Fundaci\u00f3 Llu\u00eds Coromina, aquest dijous 29 de maig a les 19 h. Premiat en diverses ocasions per la Unesco i guardonat amb el prestigi\u00f3s Lent de Plata Mexic\u00e0, tamb\u00e9 compta amb guardons com quatre Fotopres, Fot\u00f2graf Espanyol de l&#8217;Any Fujifilm, NikonPro, Canon-Europa, la distinci\u00f3 \u00abThe Essence of Humanity\u00bb i un World Press Photo en la categoria Art. L&#8217;any 2018 la Generalitat de Catalunya li va concedir el Premi Nacional de Comunicaci\u00f3 en la modalitat Premsa. Un any abans va ser guardonat amb el Premi Nacional Pietat Illa per la seva tasca professional i docent al llarg de tres d\u00e8cades. Tamb\u00e9 la Societat Geogr\u00e0fica Espanyola li va atorgar el Premi Imatge-2015 per la seva traject\u00f2ria com a fot\u00f2graf i viatger. Ha escrit i il\u00b7lustrat nombrosos llibres fotoperiod\u00edstics i guies de ciutats i de pa\u00efsos.\u00a0<em>Els Secrets de la Fotografia de Viatges<\/em>\u00a0(PhotoClub Anaya-2018) i <em>Ajuda&#8217;m a mirar, la B\u00edblia del reportatge gr\u00e0fic<\/em>\u00a0(PhotoClub Anaya-2019) s\u00f3n les seves darreres obres. Aix\u00ed mateix, ha col\u00b7laborat amb revistes de tot el m\u00f3n i rebut reconeixement de l&#8217;Acad\u00e8mia de Ci\u00e8ncies M\u00e8diques de Catalunya i de l&#8217;OMS per la divulgaci\u00f3 de la sanitat a trav\u00e9s dels seus reportatges i forma part del redu\u00eft grup de fot\u00f2grafs a la p\u00e0gina oficial de la National Geographic Society a Washington DC. La conversa es podr\u00e0 seguir a trav\u00e9s de l&#8217;instagram live de la fundaci\u00f3, al perfil @fundaciolluiscoromina.<\/p>\n<p>&nbsp;<\/p>\n","protected":false},"excerpt":{"rendered":"<p>El reconegut fot\u00f2graf Tino Soriano ser\u00e0 el protagonista de la pr\u00f2xima conversa en directe per Instagram de la Fundaci\u00f3 Llu\u00eds &#8230;<\/p>\n","protected":false},"author":2,"featured_media":4545,"comment_status":"open","ping_status":"open","sticky":false,"template":"","format":"standard","meta":{"footnotes":""},"categories":[10],"tags":[250,63,244,245,212],"class_list":["post-4544","post","type-post","status-publish","format-standard","has-post-thumbnail","hentry","category-activitats","tag-conversa","tag-fotografia","tag-fundacio","tag-instagram","tag-tino-soriano"],"_links":{"self":[{"href":"http:\/\/fundaciolluiscoromina.org\/index.php\/wp-json\/wp\/v2\/posts\/4544","targetHints":{"allow":["GET"]}}],"collection":[{"href":"http:\/\/fundaciolluiscoromina.org\/index.php\/wp-json\/wp\/v2\/posts"}],"about":[{"href":"http:\/\/fundaciolluiscoromina.org\/index.php\/wp-json\/wp\/v2\/types\/post"}],"author":[{"embeddable":true,"href":"http:\/\/fundaciolluiscoromina.org\/index.php\/wp-json\/wp\/v2\/users\/2"}],"replies":[{"embeddable":true,"href":"http:\/\/fundaciolluiscoromina.org\/index.php\/wp-json\/wp\/v2\/comments?post=4544"}],"version-history":[{"count":0,"href":"http:\/\/fundaciolluiscoromina.org\/index.php\/wp-json\/wp\/v2\/posts\/4544\/revisions"}],"wp:attachment":[{"href":"http:\/\/fundaciolluiscoromina.org\/index.php\/wp-json\/wp\/v2\/media?parent=4544"}],"wp:term":[{"taxonomy":"category","embeddable":true,"href":"http:\/\/fundaciolluiscoromina.org\/index.php\/wp-json\/wp\/v2\/categories?post=4544"},{"taxonomy":"post_tag","embeddable":true,"href":"http:\/\/fundaciolluiscoromina.org\/index.php\/wp-json\/wp\/v2\/tags?post=4544"}],"curies":[{"name":"wp","href":"https:\/\/api.w.org\/{rel}","templated":true}]}}