{"id":4549,"date":"2020-05-29T11:50:16","date_gmt":"2020-05-29T09:50:16","guid":{"rendered":"http:\/\/www.fundaciolluiscoromina.org\/?p=4549"},"modified":"2020-05-29T11:50:16","modified_gmt":"2020-05-29T09:50:16","slug":"conversa-en-directe-amb-la-fundacio-mona","status":"publish","type":"post","link":"http:\/\/fundaciolluiscoromina.org\/index.php\/2020\/05\/29\/conversa-en-directe-amb-la-fundacio-mona\/","title":{"rendered":"Conversa en directe amb la Fundaci\u00f3 Mona"},"content":{"rendered":"<p>El pr\u00f2xim dijous 4 de juny conversarem en directe amb la directora de la Fundaci\u00f3 Mona, Olga Feliu. Una organitzaci\u00f3 sense \u00e0nim de lucre que neix el 2001 per trobar solucions al problema del tr\u00e0fic de primats, el seu maltractament en nom del m\u00f3n de l&#8217;espectacle i la tin\u00e8ncia il\u00b7legal al territori.<\/p>\n<h4><\/h4>\n<p>Molts d&#8217;aquests primats rescatats han viscut llargs anys en absoluta soledat\u00a0 i terribles condicions, per\u00f2 el centre de rehabilitaci\u00f3 els proporciona una excel\u00b7lent llar, on es recuperen vivint en fam\u00edlia amb els seus cong\u00e8neres, en un entorn natural. Des de la fundaci\u00f3 tamb\u00e9 es duu a terme un gran treball d&#8217;educaci\u00f3 i sensibilitzaci\u00f3, a m\u00e9s de recerca etol\u00f2gica (per\u00a0monitoritzar i millorar el benestar d&#8217;aquests animals rescatats, i per una altra com a eina per a dilucidar inc\u00f2gnites sobre el comportament dels nostres avantpassats). Aix\u00ed mateix, s&#8217;ofereix formaci\u00f3 en primatologia i ci\u00e8ncies afins a professionals i persones interessades a formar-se en aquest camp.<\/p>\n<p>La conversa tindr\u00e0 lloc el pr\u00f2xim dijous 4 de maig a les 18:30 h a trav\u00e9s d&#8217;instagram live i ser\u00e0 condu\u00efda pel director de la Fundaci\u00f3 Llu\u00eds Coromina, Ricard Planas.<\/p>\n<h4><\/h4>\n","protected":false},"excerpt":{"rendered":"<p>El pr\u00f2xim dijous 4 de juny conversarem en directe amb la directora de la Fundaci\u00f3 Mona, Olga Feliu. Una organitzaci\u00f3 &#8230;<\/p>\n","protected":false},"author":2,"featured_media":4550,"comment_status":"open","ping_status":"open","sticky":false,"template":"","format":"standard","meta":{"footnotes":""},"categories":[10],"tags":[],"class_list":["post-4549","post","type-post","status-publish","format-standard","has-post-thumbnail","hentry","category-activitats"],"_links":{"self":[{"href":"http:\/\/fundaciolluiscoromina.org\/index.php\/wp-json\/wp\/v2\/posts\/4549","targetHints":{"allow":["GET"]}}],"collection":[{"href":"http:\/\/fundaciolluiscoromina.org\/index.php\/wp-json\/wp\/v2\/posts"}],"about":[{"href":"http:\/\/fundaciolluiscoromina.org\/index.php\/wp-json\/wp\/v2\/types\/post"}],"author":[{"embeddable":true,"href":"http:\/\/fundaciolluiscoromina.org\/index.php\/wp-json\/wp\/v2\/users\/2"}],"replies":[{"embeddable":true,"href":"http:\/\/fundaciolluiscoromina.org\/index.php\/wp-json\/wp\/v2\/comments?post=4549"}],"version-history":[{"count":0,"href":"http:\/\/fundaciolluiscoromina.org\/index.php\/wp-json\/wp\/v2\/posts\/4549\/revisions"}],"wp:attachment":[{"href":"http:\/\/fundaciolluiscoromina.org\/index.php\/wp-json\/wp\/v2\/media?parent=4549"}],"wp:term":[{"taxonomy":"category","embeddable":true,"href":"http:\/\/fundaciolluiscoromina.org\/index.php\/wp-json\/wp\/v2\/categories?post=4549"},{"taxonomy":"post_tag","embeddable":true,"href":"http:\/\/fundaciolluiscoromina.org\/index.php\/wp-json\/wp\/v2\/tags?post=4549"}],"curies":[{"name":"wp","href":"https:\/\/api.w.org\/{rel}","templated":true}]}}