{"id":4554,"date":"2020-06-01T16:18:00","date_gmt":"2020-06-01T14:18:00","guid":{"rendered":"http:\/\/www.fundaciolluiscoromina.org\/?p=4554"},"modified":"2020-06-01T16:18:00","modified_gmt":"2020-06-01T14:18:00","slug":"tino-soriano-la-fotografia-documental-es-un-be-per-a-la-humanitat","status":"publish","type":"post","link":"http:\/\/fundaciolluiscoromina.org\/index.php\/2020\/06\/01\/tino-soriano-la-fotografia-documental-es-un-be-per-a-la-humanitat\/","title":{"rendered":"Tino Soriano: \u201cLa fotografia documental \u00e9s un b\u00e9 per a la humanitat\u00bb"},"content":{"rendered":"<p>Tino Soriano, reconegut fot\u00f2graf a nivell internacional resident a Banyoles, va ser el protagonista de la quarta xerrada del cicle de converses en directe per Instagram impulsat per la Fundaci\u00f3 Llu\u00eds Coromina. La xerrada va tenir lloc dijous 21 de maig a la tarda i va donar lloc a un interessant di\u00e0leg entre el prestigi\u00f3s fot\u00f2graf i director de la fundaci\u00f3 Ricard Planas.<\/p>\n<p>Reconegut per la seva llarga traject\u00f2ria i per formar part de l\u2019equip de National Geographic, Tino Soriano \u00e9s un fotoperiodista internacional que ha dedicat gran part de la seva vida professional a captar amb imatges l\u2019ess\u00e8ncia de l\u2019\u00e9sser hum\u00e0. Especialitzat en el camp de la medicina i la salut, el fot\u00f2graf coneix el m\u00f3n sanitari d\u2019aprop i va parlar de la situaci\u00f3 actual i de la import\u00e0ncia de la fotografia en temps excepcionals com els que estem vivint.<\/p>\n<p>La conversa va comen\u00e7ar amb la controv\u00e8rsia que ha generat el Covid19 en el m\u00f3n del fotoperiodisme i la fotografia documentalista, ja que molts professionals s\u2019han preguntat si durant l\u2019estat d\u2019alarma se\u2019ls ha perm\u00e8s fotografiar les coses com realment estaven succeint, o nom\u00e9s se\u2019ls ha deixat \u201censenyar all\u00f2 que interessa als mitjans de comunicaci\u00f3 i els <em>poders f\u00e0ctics<\/em>\u201d. El fot\u00f2graf va explicar que considerava que l\u2019impacte i la cruesa causada pel coronavirus no ha pogut estar ben captada ni ben representada pels fotoperiodistes, i va afirmar que aquests han tingut \u201cmoltes complicacions per fer correctament el treball de documentalistes\u201d.<\/p>\n<p>Soriano va remarcar que els fotoperiodistes de guerra, que s\u00f3n els que estan acostumats a fotografiar tot tipus de conflictes b\u00e8l\u00b7lics i situacions extremes arreu del m\u00f3n, s\u00f3n els que han notat i han patit m\u00e9s aquests impediments a l\u2019hora de cobrir la pand\u00e8mia. El fot\u00f2graf explicava a la Fundaci\u00f3 que, fins ara, quan ell i els seus companys de professi\u00f3 captaven la realitat dels conflictes internacionals, la seva visi\u00f3 era v\u00e0lida i podien fotografiar qualsevol cosa. En canvi, amb la situaci\u00f3 actual, explica que quan aquests mateixos fotoperiodistes internacionals volen cobrir amb imatges la pand\u00e8mia dins el seu propi pa\u00eds, dins les seves fronteres, \u201ces troben que hi ha coses que les poden fotografiar i d\u2019altres que no\u201d.<\/p>\n<p>La promoci\u00f3 de la fotografia lliure o <em>fotografia popular<\/em> tamb\u00e9 ha estat un dels temes que ha generat m\u00e9s controv\u00e8rsia dins el context actual. Durant l\u2019estat d\u2019alarma s\u2019han generat milions i milions d\u2019imatges fetes per persones de tot el m\u00f3n i, segons explicava el fot\u00f2graf, aix\u00f2 ha fet que es vegi la realitat d\u2019aquesta pand\u00e8mia a trav\u00e9s dels ulls de tothom. \u201c\u00c9s una bona proposta, per\u00f2 es genera molta informaci\u00f3 i molt material de poca qualitat, poc professional\u201d, va afirmar Tino Soriano. \u201cHe trobat a faltar un enc\u00e0rrec per part dels mitjans de comunicaci\u00f3 oficials, o del propi govern espanyol\u201d, i a continuaci\u00f3 va reivindicar la necessitat de tenir ajudes per part de fundacions, governs i estaments oficials per poder documentar i cobrir el moment actual, ja que considerava que era \u201cun fet hist\u00f2ric tan important com ho va ser en el seu moment la guerra civil espanyola\u201d.<\/p>\n<p>El fot\u00f2graf tamb\u00e9 va fer refer\u00e8ncia a la situaci\u00f3 cr\u00edtica dels mitjans escrits, i va puntualitzar que alguns mitjans importants com The Guardian o The New York Times estaven canviant la seva estructura per adaptar-se a l\u2019actualitat, i estaven prioritzant la fotografia i la part m\u00e9s visual i digital del mitj\u00e0. \u201c\u00c9s important que la gent entegui que no tots els continguts d\u2019Internet han de ser gratu\u00efts\u201d. En aquest sentit, el fot\u00f2graf del National Geographic va remarcar que les imatges s\u00f3n imprescindibles perqu\u00e8 posen els fets i els esdeveniments en el seu lloc, i els situen en el temps i en la mem\u00f2ria de les persones. Per aix\u00f2, Soriano va tornar a afirmar que els governs eren els responsables de crear un arxiu de la hist\u00f2ria que est\u00e0 succeint en el seu pa\u00eds i va remarcar: \u201cLa fotografia documental \u00e9s un b\u00e9 per a la humanitat; \u00e9s la nostra petjada\u201d.<\/p>\n<p>Fent refer\u00e8ncia al moment actual i la situaci\u00f3 que causada pel Covid19, Soriano va afirmar que \u201cexisteixen moltes mirades i molt diferents\u201d i va explicar que els representants i l\u00edders pol\u00edtics tenen la seva pr\u00f2pia mirada. D\u2019aquesta manera, el reconegut fot\u00f2graf va destacar la import\u00e0ncia de tenir independ\u00e8ncia dels poders pol\u00edtics i econ\u00f2mics, aix\u00ed com d\u2019interpretar la hist\u00f2ria a trav\u00e9s de fotografies fetes per professionals amb experi\u00e8ncia i recorregut. \u201cPer aix\u00f2 q\u00fcestiono que no hi hagi cap enc\u00e0rrec per part del govern per reflectir la veritable realitat del Covid19 i assegurar una mirada correcta i neutral, amb imatges fetes des de l\u2019objectiu de fot\u00f2grafs que tenen un cert grau d\u2019\u00e8tica i una traject\u00f2ria professional reconeguda\u201d.<\/p>\n<p>\u201cEls fotoperiodistes sou com petits diaris a les xarxes\u201d, va prosseguir Ricard Planas. En aquest sentit, Tino Soriano va apuntar que a les xarxes socials \u201cel perfil del fot\u00f2graf s\u2019interpreta com un perfil m\u00e9s global\u201d, i va posar d\u2019exemple el seu compte d\u2019Instagram. Va afirmar que els seus seguidors el segueixen perqu\u00e8 els agraden les seves fotografies, i tamb\u00e9 per la seva forma de redactar. \u201cCom a fot\u00f2graf no est\u00e0s venent nom\u00e9s una fotografia, tamb\u00e9 vens una manera de veure el m\u00f3n, i aix\u00f2 s\u2019emmarca en el concepte del documentalisme\u201d, va explicar. Soriano tamb\u00e9 va afegir que la paraula <em>fot\u00f2graf<\/em> ha perdut el significat que tenia, i que avui dia s\u2019hauria de parlar m\u00e9s del concepte <em>professional multim\u00e8dia<\/em>. El fot\u00f2graf va acceptar que aquesta nova realitat en el fons \u00e9s \u201cuna trampa mortal\u201d, ja que pot fer que persones professionals i especialitzades es converteixin en simples creadors de continguts.<\/p>\n<p>Per acabar, Tino Soriano va afirmar que tots els fot\u00f2grafs documentalistes tenen un tema que els agrada molt a nivell personal i que treballen de forma continuada, i va explicar que \u201cel seu tema predilecte\u201d era el m\u00f3n de la salut i de la medicina. \u201cProbablement s\u00f3c l\u2019\u00fanic fot\u00f2graf que ha dedicat 40 anys de la seva vida a fotografiar aquest m\u00f3n; he fotografiat des de la realitat que viu un nen amb c\u00e0ncer a la que pateix un adult amb problemes renals, i gaireb\u00e9 sempre ho he fet des de l\u2019\u00f2ptica del personal sanitari\u201d, explicava el fot\u00f2graf. \u201cPorto 40 anys fent homenatge a les persones que treballen en el m\u00f3n de la salut\u201d, va afirmar somrient.<\/p>\n<p>La quarta conversa en directe de la Fundaci\u00f3 Llu\u00eds Coromina va finalitzar amb un di\u00e0leg sobre els projectes de futur del fot\u00f2graf. Soriano va desvelar que a finals d\u2019any es publicaria un llibre amb les imatges d\u2019aquests 40 anys de traject\u00f2ria dedicats a fotografiar el m\u00f3n de la medicina i la salut.<\/p>\n<p>La pr\u00f2xima conversa en directe tindr\u00e0 lloc el dijous 4 de juny a les 18:30 h amb Olga Feliu, directora de la Fundaci\u00f3 Mona.<\/p>\n<p>&nbsp;<\/p>\n","protected":false},"excerpt":{"rendered":"<p>Tino Soriano, reconegut fot\u00f2graf a nivell internacional resident a Banyoles, va ser el protagonista de la quarta xerrada del cicle &#8230;<\/p>\n","protected":false},"author":2,"featured_media":4545,"comment_status":"open","ping_status":"open","sticky":false,"template":"","format":"standard","meta":{"footnotes":""},"categories":[10],"tags":[],"class_list":["post-4554","post","type-post","status-publish","format-standard","has-post-thumbnail","hentry","category-activitats"],"_links":{"self":[{"href":"http:\/\/fundaciolluiscoromina.org\/index.php\/wp-json\/wp\/v2\/posts\/4554","targetHints":{"allow":["GET"]}}],"collection":[{"href":"http:\/\/fundaciolluiscoromina.org\/index.php\/wp-json\/wp\/v2\/posts"}],"about":[{"href":"http:\/\/fundaciolluiscoromina.org\/index.php\/wp-json\/wp\/v2\/types\/post"}],"author":[{"embeddable":true,"href":"http:\/\/fundaciolluiscoromina.org\/index.php\/wp-json\/wp\/v2\/users\/2"}],"replies":[{"embeddable":true,"href":"http:\/\/fundaciolluiscoromina.org\/index.php\/wp-json\/wp\/v2\/comments?post=4554"}],"version-history":[{"count":0,"href":"http:\/\/fundaciolluiscoromina.org\/index.php\/wp-json\/wp\/v2\/posts\/4554\/revisions"}],"wp:attachment":[{"href":"http:\/\/fundaciolluiscoromina.org\/index.php\/wp-json\/wp\/v2\/media?parent=4554"}],"wp:term":[{"taxonomy":"category","embeddable":true,"href":"http:\/\/fundaciolluiscoromina.org\/index.php\/wp-json\/wp\/v2\/categories?post=4554"},{"taxonomy":"post_tag","embeddable":true,"href":"http:\/\/fundaciolluiscoromina.org\/index.php\/wp-json\/wp\/v2\/tags?post=4554"}],"curies":[{"name":"wp","href":"https:\/\/api.w.org\/{rel}","templated":true}]}}