{"id":4557,"date":"2020-06-05T09:00:14","date_gmt":"2020-06-05T07:00:14","guid":{"rendered":"http:\/\/www.fundaciolluiscoromina.org\/?p=4557"},"modified":"2020-06-05T09:00:14","modified_gmt":"2020-06-05T07:00:14","slug":"conversem-amb-pere-monras-fundador-de-biomimetic-science-institute","status":"publish","type":"post","link":"http:\/\/fundaciolluiscoromina.org\/index.php\/2020\/06\/05\/conversem-amb-pere-monras-fundador-de-biomimetic-science-institute\/","title":{"rendered":"Conversem amb Pere Monr\u00e0s, fundador de Biomimetic Science Institute"},"content":{"rendered":"<p>El pr\u00f2xim dijous 11 de juny a les 18:30 h conversarem amb Pere Monr\u00e0s, metge onc\u00f2leg i director en el sistema sanitari durant m\u00e9s de trenta anys, i fundador de Biomimetic Science Institute. Monr\u00e0s ha estat reconegut com un dels motors de la innovaci\u00f3 organitzacional de la sanitat, on va inspirar reflexions i accions sobre els canvis i les necessitats d&#8217;aquests serveis cap al progr\u00e9s social com a Director General de la Corporaci\u00f3 Sanit\u00e0ria Parc Taul\u00ed i President de la Patronal del sector.<\/p>\n<p>Entre els seus objectius destaquen el de promoure el progr\u00e9s social mitjan\u00e7ant iniciatives de participaci\u00f3 c\u00edvica, aprenentatge col\u00b7laboratiu i difusi\u00f3 de coneixements, com han sigut els seus projectes h\u00e8lix3c, Sangaku i ESPORA, entre altres. Fundador i President del Cercle pel Coneixement (2001-2004), on es van establir els eixos fonamentals per a avan\u00e7ar cap a la societat del coneixement.<\/p>\n<p>Des de l&#8217;any 2018, \u00e9s president del Biomimetic Sciences Institute, una de les poques institucions arreu del m\u00f3n que focalitza la seva feina al voltant de la biomim\u00e8tica.\u00a0Una ci\u00e8ncia de recerca de solucions innovadores a problemes i q\u00fcestions actuals d\u2019inter\u00e8s hum\u00e0. Observant les funcions, sistemes i processos naturals podem crear dissenys, materials i productes de diferents tipus adaptats a medis concrets, inspirant-nos en all\u00f2 que ja ha sigut testejat.\u00a0La biomim\u00e8tica promet crear un m\u00f3n del futur innovador i alhora sostenible, aprofitant els aven\u00e7os de la ci\u00e8ncia i la tecnologia a favor dels\u00a0 ecosistemes que ens sostenen. El BSI vetlla, en aquest sentit, per la qualitat i coher\u00e8ncia d\u2019aquests projectes, aportant assessorament a productes, desenvolupaments i projectes d\u2019investigaci\u00f3 que compleixen amb aquests criteris.<\/p>\n<p>El BSI promou una visi\u00f3 de la natura com a guia i mentora per a la construcci\u00f3 d\u2019un futur basat en el progr\u00e9s sostenible, sustentat en tres principis b\u00e0sics:<\/p>\n<ul>\n<li>Treballar per la millora de la qualitat de vida de les persones amb respecte pels altres \u00e9ssers vius.<\/li>\n<li>Promoure una nova generaci\u00f3 de recerca des de la natura.<\/li>\n<li>Facilitar i acreditar la ideaci\u00f3, disseny i desenvolupament de solucions d\u2019inspiraci\u00f3 biomim\u00e8tica.<\/li>\n<\/ul>\n<p>La conversa, que es podr\u00e0 seguir en directe a trav\u00e9s del canal d&#8217;Instagram de la Fundaci\u00f3, ser\u00e0 condu\u00efda pel coordinador de la Fundaci\u00f3 Llu\u00eds Coromina, Daniel Fuentes.<\/p>\n<p>&nbsp;<\/p>\n","protected":false},"excerpt":{"rendered":"<p>El pr\u00f2xim dijous 11 de juny a les 18:30 h conversarem amb Pere Monr\u00e0s, metge onc\u00f2leg i director en el &#8230;<\/p>\n","protected":false},"author":2,"featured_media":4558,"comment_status":"open","ping_status":"open","sticky":false,"template":"","format":"standard","meta":{"footnotes":""},"categories":[10],"tags":[],"class_list":["post-4557","post","type-post","status-publish","format-standard","has-post-thumbnail","hentry","category-activitats"],"_links":{"self":[{"href":"http:\/\/fundaciolluiscoromina.org\/index.php\/wp-json\/wp\/v2\/posts\/4557","targetHints":{"allow":["GET"]}}],"collection":[{"href":"http:\/\/fundaciolluiscoromina.org\/index.php\/wp-json\/wp\/v2\/posts"}],"about":[{"href":"http:\/\/fundaciolluiscoromina.org\/index.php\/wp-json\/wp\/v2\/types\/post"}],"author":[{"embeddable":true,"href":"http:\/\/fundaciolluiscoromina.org\/index.php\/wp-json\/wp\/v2\/users\/2"}],"replies":[{"embeddable":true,"href":"http:\/\/fundaciolluiscoromina.org\/index.php\/wp-json\/wp\/v2\/comments?post=4557"}],"version-history":[{"count":0,"href":"http:\/\/fundaciolluiscoromina.org\/index.php\/wp-json\/wp\/v2\/posts\/4557\/revisions"}],"wp:attachment":[{"href":"http:\/\/fundaciolluiscoromina.org\/index.php\/wp-json\/wp\/v2\/media?parent=4557"}],"wp:term":[{"taxonomy":"category","embeddable":true,"href":"http:\/\/fundaciolluiscoromina.org\/index.php\/wp-json\/wp\/v2\/categories?post=4557"},{"taxonomy":"post_tag","embeddable":true,"href":"http:\/\/fundaciolluiscoromina.org\/index.php\/wp-json\/wp\/v2\/tags?post=4557"}],"curies":[{"name":"wp","href":"https:\/\/api.w.org\/{rel}","templated":true}]}}