{"id":4561,"date":"2020-06-08T16:45:49","date_gmt":"2020-06-08T14:45:49","guid":{"rendered":"http:\/\/www.fundaciolluiscoromina.org\/?p=4561"},"modified":"2020-06-08T16:45:49","modified_gmt":"2020-06-08T14:45:49","slug":"un-centenar-de-persones-ateses-pel-servei-datencio-psicologica-i-emocional-de-la-fundacio-lluis-coromina","status":"publish","type":"post","link":"http:\/\/fundaciolluiscoromina.org\/index.php\/2020\/06\/08\/un-centenar-de-persones-ateses-pel-servei-datencio-psicologica-i-emocional-de-la-fundacio-lluis-coromina\/","title":{"rendered":"Un centenar de persones, ateses pel servei d&#8217;atenci\u00f3 psicol\u00f2gica i emocional de la Fundaci\u00f3 Llu\u00eds Coromina"},"content":{"rendered":"<p>La Fundaci\u00f3 Llu\u00eds Coromina tanca el servei d&#8217;atenci\u00f3 psicol\u00f2gica i emocional que ha dut a terme durant el per\u00edode de confinament amb motiu de la COVID-19. Un centenar de persones i entitats vinculades a la cultura i al tercer sector\u00a0 han fet \u00fas del servei telef\u00f2nic, gestionat per l&#8217;empresa AB Intra.\u00a0Segons el director de la Fundaci\u00f3, Ricard Planas, els objectius marcats s&#8217;han acomplert, sobretot pel que fa a posar recursos per donar suport a col\u00b7lectius especialment vulnerables: \u00abCalia posar \u00e8mfasi a aquests dos sectors, entenent l&#8217;impacte psicol\u00f2gic que els ha suposat aquesta situaci\u00f3\u00bb. Per la seva banda,\u00a0Eva Collell, directora d&#8217;AB Intra, valora positivament les atencions realitzades: \u00abS&#8217;han proporcionat eines a les persones que ens han trucat per tal de mantenir sota control algunes emocions, com la por i la incertesa. Tot plegat, per ajudar a millorar aspectes i recuperar l&#8217;equilibri emocional\u00bb. Aix\u00ed mateix, des de la Fundaci\u00f3 es valora positivament algunes col\u00b7laboracions que s&#8217;han dut a terme en el marc d&#8217;aquest projecte, com una sessi\u00f3 de din\u00e0miques especials amb la Fundaci\u00f3 Estany.<\/p>\n<div><\/div>\n","protected":false},"excerpt":{"rendered":"<p>La Fundaci\u00f3 Llu\u00eds Coromina tanca el servei d&#8217;atenci\u00f3 psicol\u00f2gica i emocional que ha dut a terme durant el per\u00edode de &#8230;<\/p>\n","protected":false},"author":2,"featured_media":4565,"comment_status":"open","ping_status":"open","sticky":false,"template":"","format":"standard","meta":{"footnotes":""},"categories":[10],"tags":[],"class_list":["post-4561","post","type-post","status-publish","format-standard","has-post-thumbnail","hentry","category-activitats"],"_links":{"self":[{"href":"http:\/\/fundaciolluiscoromina.org\/index.php\/wp-json\/wp\/v2\/posts\/4561","targetHints":{"allow":["GET"]}}],"collection":[{"href":"http:\/\/fundaciolluiscoromina.org\/index.php\/wp-json\/wp\/v2\/posts"}],"about":[{"href":"http:\/\/fundaciolluiscoromina.org\/index.php\/wp-json\/wp\/v2\/types\/post"}],"author":[{"embeddable":true,"href":"http:\/\/fundaciolluiscoromina.org\/index.php\/wp-json\/wp\/v2\/users\/2"}],"replies":[{"embeddable":true,"href":"http:\/\/fundaciolluiscoromina.org\/index.php\/wp-json\/wp\/v2\/comments?post=4561"}],"version-history":[{"count":0,"href":"http:\/\/fundaciolluiscoromina.org\/index.php\/wp-json\/wp\/v2\/posts\/4561\/revisions"}],"wp:attachment":[{"href":"http:\/\/fundaciolluiscoromina.org\/index.php\/wp-json\/wp\/v2\/media?parent=4561"}],"wp:term":[{"taxonomy":"category","embeddable":true,"href":"http:\/\/fundaciolluiscoromina.org\/index.php\/wp-json\/wp\/v2\/categories?post=4561"},{"taxonomy":"post_tag","embeddable":true,"href":"http:\/\/fundaciolluiscoromina.org\/index.php\/wp-json\/wp\/v2\/tags?post=4561"}],"curies":[{"name":"wp","href":"https:\/\/api.w.org\/{rel}","templated":true}]}}