{"id":4567,"date":"2020-06-09T15:18:52","date_gmt":"2020-06-09T13:18:52","guid":{"rendered":"http:\/\/www.fundaciolluiscoromina.org\/?p=4567"},"modified":"2020-06-09T15:18:52","modified_gmt":"2020-06-09T13:18:52","slug":"olga-feliu-fundacio-mona-la-majoria-de-les-actuals-amenaces-provenen-de-paisos-don-no-son-originaris-els-primats","status":"publish","type":"post","link":"http:\/\/fundaciolluiscoromina.org\/index.php\/2020\/06\/09\/olga-feliu-fundacio-mona-la-majoria-de-les-actuals-amenaces-provenen-de-paisos-don-no-son-originaris-els-primats\/","title":{"rendered":"Olga Feliu (Fundaci\u00f3 Mona): \u00abLa majoria de les actuals amenaces provenen de pa\u00efsos d&#8217;on no s\u00f3n originaris els primats\u00bb"},"content":{"rendered":"<p>La directora de la Fundaci\u00f3 Mona, Olga Feliu, ha estat la protagonista del di\u00e0leg en directe d&#8217;aquest dijous 4 de juny, juntament amb el director de la Fundaci\u00f3 Llu\u00eds Coromina, Ricard Planas.<\/p>\n<p>La Fundaci\u00f3 Mona \u00e9s una organitzaci\u00f3 sense \u00e0nim de lucre nascuda el 2001 per trobar solucions al tr\u00e0fic de primats, el seu maltractament en nom del m\u00f3n de l&#8217;espectacle i la tin\u00e8ncia il\u00b7legal al territori. Actualment, la Fundaci\u00f3 s&#8217;ubica a Riudellots de la Selva, per\u00f2 compta amb un projecte de traslladar-se al Pla de l&#8217;Estany: \u00abEl ric patrimoni natural i cultural d&#8217;aquesta comarca fa que mantinguem l&#8217;objectiu de traslladar-hi les nostres instal\u00b7lacions, cosa que afavoriria la continu\u00eftat de la nostra fundaci\u00f3\u00bb.<\/p>\n<p>Pel que fa a la situaci\u00f3 de diferents esp\u00e8cies de primats, segons un estudi recent, de les 500 esp\u00e8cies de primats que existeixen m\u00e9s del 60% estan amena\u00e7ades i la resta en un elevat grau de vulnerabilitat. Aquesta situaci\u00f3 vol dir que des de les diferents organitzacions que treballen in situ on aquests primats s\u00f3n originaris, hi ha molta feina a fer. I respecte a les organitzacions que estan fora d\u2019aquests pa\u00efsos, com ara la Fundaci\u00f3 Mona, cal aprofitar la gran capacitat d\u2019arribar a la gent, ja que la majoria de les actuals amenaces provenen dels pa\u00efsos d&#8217;on no s\u00f3n originaris els primats. Segons Olga Feliu, les principals amenaces s\u00f3n \u00abvoler-los com a mascotes o la importaci\u00f3 de fusta molt especial que nom\u00e9s es pot extreure dels boscos on habiten els primats, principal motiu de la desforestaci\u00f3. Cal una gran conscienciaci\u00f3 de la poblaci\u00f3\u00bb.<\/p>\n<p>D\u2019aquesta falta d\u2019equilibri i en la necessitat de minimitzar l\u2019impacte del progr\u00e9s, Ricard Planas ha posat \u00e8mfasi a la relaci\u00f3 directa entre la crisi clim\u00e0tica i la manca de protecci\u00f3 dels ecosistemes naturals que de rebrot provoca pand\u00e8mies com la que encara estem vivint. Segons Feliu, en mercats on es ven l&#8217;animal viu o mort \u00abhi ha un caldo de cultiu molt propens a desevolupar-se moltes bact\u00e8ries i, per tant, hi ha una gran transmissi\u00f3 de virus d&#8217;unes esp\u00e8cies a les altres\u00bb. En aquest punt, Ricard Planas apunta al sacrifici d&#8217;animals en relaci\u00f3 amb l&#8217;alimentaci\u00f3 i Feliu detalla que per alimentar la poblaci\u00f3 mundial \u00abfa falta desforestar milions d&#8217;hect\u00e0rees perqu\u00e8 els animals puguin pasturar\u00bb.<\/p>\n<p>El model dels zoos del segle XXI centren els seg\u00fcents minuts de conversa. Feliu destaca la incertesa que provocaria el fet de prescindir dels zool\u00f2gics: \u00abMolts zool\u00f2gics s&#8217;estan transformant. Les administracions p\u00fabliques han de reaccions en el cas d&#8217;aquells zoos on la situaci\u00f3 dels animals \u00e9s prec\u00e0ria i el seu benestar est\u00e0 amena\u00e7at. En aquest sentit, el 2012 vam crear l&#8217;associaci\u00f3 EARS a nivell europeu de centres de recuperaci\u00f3 de fauna ex\u00f2tica, amb l&#8217;objectiu de treballar a nivell de parlament europeu, el tema fronterer d&#8217;entrada d&#8217;animals\u00bb.<\/p>\n<p>Una de les q\u00fcestions sorgides entre els oients \u00e9s la de la relaci\u00f3 amb els primats. Segons Feliu, un dels aspectes que m\u00e9s l&#8217;ha sorpr\u00e8s \u00e9s l&#8217;emotiva salutaci\u00f3 de benvinguda que et regalen quan fa dies que no els veus. Tamb\u00e9 sorgeix la preocupaci\u00f3 sobre l&#8217;experimentaci\u00f3 amb animals. Segons Feliu, \u00absi s&#8217;experimenta amb animals el que no pot ser \u00e9s que vagi lligat a qui treu m\u00e9s aviat la vacuna al mercat. El factor econ\u00f2mic sempre est\u00e0 present i condiciona\u00bb.<\/p>\n<p>A la part final de la conversa es van repassar algunes de les col\u00b7laboracions entre les dues Fundacions com ara l\u2019exposici\u00f3 <em>Mona<\/em> amb el Celler de Can Roca, que es va dur a terme a l&#8217;Espai Eat Art de la Fundaci\u00f3 Llu\u00eds Coromina, amb fotografies d\u2019en Francesc Guillamet i la reproducci\u00f3 de la mona de Pasqua de la m\u00e0 de Jordi Roca. En aquest sentit, Feliu va comentar la\u00a0import\u00e0ncia del mecenatge per tal de poder fer avan\u00e7ar la Fundaci\u00f3 i, tal com s\u2019havien proposat des dels inicis, no dependre de les subvencions p\u00fabliques.<\/p>\n<p>La pr\u00f2xima conversa en directe ser\u00e0 el dijous 11 de juny a les 18:30 h amb Pere Monr\u00e0s, fundador i director del Biomimetic Science Institute.<\/p>\n","protected":false},"excerpt":{"rendered":"<p>La directora de la Fundaci\u00f3 Mona, Olga Feliu, ha estat la protagonista del di\u00e0leg en directe d&#8217;aquest dijous 4 de &#8230;<\/p>\n","protected":false},"author":2,"featured_media":4550,"comment_status":"open","ping_status":"open","sticky":false,"template":"","format":"standard","meta":{"footnotes":""},"categories":[10],"tags":[],"class_list":["post-4567","post","type-post","status-publish","format-standard","has-post-thumbnail","hentry","category-activitats"],"_links":{"self":[{"href":"http:\/\/fundaciolluiscoromina.org\/index.php\/wp-json\/wp\/v2\/posts\/4567","targetHints":{"allow":["GET"]}}],"collection":[{"href":"http:\/\/fundaciolluiscoromina.org\/index.php\/wp-json\/wp\/v2\/posts"}],"about":[{"href":"http:\/\/fundaciolluiscoromina.org\/index.php\/wp-json\/wp\/v2\/types\/post"}],"author":[{"embeddable":true,"href":"http:\/\/fundaciolluiscoromina.org\/index.php\/wp-json\/wp\/v2\/users\/2"}],"replies":[{"embeddable":true,"href":"http:\/\/fundaciolluiscoromina.org\/index.php\/wp-json\/wp\/v2\/comments?post=4567"}],"version-history":[{"count":0,"href":"http:\/\/fundaciolluiscoromina.org\/index.php\/wp-json\/wp\/v2\/posts\/4567\/revisions"}],"wp:attachment":[{"href":"http:\/\/fundaciolluiscoromina.org\/index.php\/wp-json\/wp\/v2\/media?parent=4567"}],"wp:term":[{"taxonomy":"category","embeddable":true,"href":"http:\/\/fundaciolluiscoromina.org\/index.php\/wp-json\/wp\/v2\/categories?post=4567"},{"taxonomy":"post_tag","embeddable":true,"href":"http:\/\/fundaciolluiscoromina.org\/index.php\/wp-json\/wp\/v2\/tags?post=4567"}],"curies":[{"name":"wp","href":"https:\/\/api.w.org\/{rel}","templated":true}]}}